{"id":97901,"date":"2024-12-15T06:47:00","date_gmt":"2024-12-15T10:47:00","guid":{"rendered":"https:\/\/elatlantico.do\/?p=97901"},"modified":"2024-12-15T10:49:27","modified_gmt":"2024-12-15T14:49:27","slug":"la-oposicion-georgiana-pide-a-la-ue-que-imponga-sanciones-y-declare-ilegitimo-al-gobierno","status":"publish","type":"post","link":"https:\/\/elatlantico.do\/index.php\/2024\/12\/15\/la-oposicion-georgiana-pide-a-la-ue-que-imponga-sanciones-y-declare-ilegitimo-al-gobierno\/","title":{"rendered":"La oposici\u00f3n georgiana pide a la UE que imponga sanciones y declare ileg\u00edtimo al Gobierno"},"content":{"rendered":"<div class=\"pvc_clear\"><\/div><p id=\"pvc_stats_97901\" class=\"pvc_stats all  \" data-element-id=\"97901\" style=\"\"><i class=\"pvc-stats-icon medium\" aria-hidden=\"true\"><svg aria-hidden=\"true\" focusable=\"false\" data-prefix=\"far\" data-icon=\"chart-bar\" role=\"img\" xmlns=\"http:\/\/www.w3.org\/2000\/svg\" viewBox=\"0 0 512 512\" class=\"svg-inline--fa fa-chart-bar fa-w-16 fa-2x\"><path fill=\"currentColor\" d=\"M396.8 352h22.4c6.4 0 12.8-6.4 12.8-12.8V108.8c0-6.4-6.4-12.8-12.8-12.8h-22.4c-6.4 0-12.8 6.4-12.8 12.8v230.4c0 6.4 6.4 12.8 12.8 12.8zm-192 0h22.4c6.4 0 12.8-6.4 12.8-12.8V140.8c0-6.4-6.4-12.8-12.8-12.8h-22.4c-6.4 0-12.8 6.4-12.8 12.8v198.4c0 6.4 6.4 12.8 12.8 12.8zm96 0h22.4c6.4 0 12.8-6.4 12.8-12.8V204.8c0-6.4-6.4-12.8-12.8-12.8h-22.4c-6.4 0-12.8 6.4-12.8 12.8v134.4c0 6.4 6.4 12.8 12.8 12.8zM496 400H48V80c0-8.84-7.16-16-16-16H16C7.16 64 0 71.16 0 80v336c0 17.67 14.33 32 32 32h464c8.84 0 16-7.16 16-16v-16c0-8.84-7.16-16-16-16zm-387.2-48h22.4c6.4 0 12.8-6.4 12.8-12.8v-70.4c0-6.4-6.4-12.8-12.8-12.8h-22.4c-6.4 0-12.8 6.4-12.8 12.8v70.4c0 6.4 6.4 12.8 12.8 12.8z\" class=\"\"><\/path><\/svg><\/i> <img loading=\"lazy\" decoding=\"async\" width=\"16\" height=\"16\" alt=\"Loading\" src=\"https:\/\/elatlantico.do\/wp-content\/plugins\/page-views-count\/ajax-loader-2x.gif\" border=0 \/><\/p><div class=\"pvc_clear\"><\/div><!-- VideographyWP Plugin Message: Automatic video embedding prevented by plugin options. -->\n\n<p class=\"wp-block-paragraph\">Tiflis (EFE).- La oposici\u00f3n georgiana pidi\u00f3 este domingo a la Uni\u00f3n Europea (UE) que imponga sanciones y declare \u201cileg\u00edtimo\u201d al Gobierno del pa\u00eds cauc\u00e1sico, dirigido en la sombra por el oligarca prorruso Bidzina Ivanishvili.<\/p>\n\n\n\n<p class=\"wp-block-paragraph\">El pueblo georgiano \u201cse resiste valerosamente al autoritarismo apoyado por Rusia y lucha por su futuro europeo y democr\u00e1tico\u201d, se\u00f1ala la carta dirigida a los ministros de Exteriores de la Uni\u00f3n y la nueva jefa de la diplomacia comunitaria, la estonia Kaja Kallas.<\/p>\n\n\n\n<p class=\"wp-block-paragraph\">La declaraci\u00f3n conjunta de los cuatro partidos opositores con representaci\u00f3n parlamentaria se conoce despu\u00e9s de que el s\u00e1bado fuera elegido el nuevo presidente del pa\u00eds, el prorruso Mija\u00edl\u00a0Kavelashvili, votaci\u00f3n considerada ilegal por la presidenta saliente, Salom\u00e9 Zurabishvili.<\/p>\n\n\n\n<h2 class=\"wp-block-heading\" id=\"h-resultados-de-las-elecciones\">Resultados de las elecciones<\/h2>\n\n\n\n<p class=\"wp-block-paragraph\">Zurabishvili, en el cargo desde 2018, se niega a abandonar el cargo, ya que no reconoce los resultados de las elecciones parlamentarias de octubre en las que el partido gobernante, Sue\u00f1o Georgiano (SG), renov\u00f3 la mayor\u00eda absoluta.<\/p>\n\n\n\n<p class=\"wp-block-paragraph\">Los opositores demandan la liberaci\u00f3n incondicional e inmediata de todos los manifestantes, activistas y pol\u00edticos detenidos, y la adopci\u00f3n de sanciones contra aquellos funcionarios responsables de minar la democracia con medidas represivas.<\/p>\n\n\n\n<p class=\"wp-block-paragraph\">Tambi\u00e9n exigen limitar el r\u00e9gimen sin visados para aquellos funcionarios vinculados con SG, en el poder desde 2012 y que congel\u00f3 las negociaciones de ingreso en la UE el pasado 28 de noviembre, detonante de las actuales protestas antigubernamentales.<\/p>\n\n\n\n<p class=\"wp-block-paragraph\">En total, en las \u00faltimas semanas han sido detenidas m\u00e1s de medio millar de personas, mientras m\u00e1s de 300 han resultado heridas, incluido 73 periodistas.<\/p>\n\n\n\n<h2 class=\"wp-block-heading\" id=\"h-leyes-represoras\">Leyes \u201crepresoras\u201d<\/h2>\n\n\n\n<p class=\"wp-block-paragraph\">Recuerdan que Kavelashvili, antiguo futbolista reconvertido en pol\u00edtico, ha promovido la aprobaci\u00f3n de leyes represoras similares a las normas acu\u00f1adas por Rusia para perseguir a los disidentes y homosexuales.<\/p>\n\n\n\n<p class=\"wp-block-paragraph\">\u201cNosotros, los partidos y coaliciones pol\u00edticas de Georgia, junto a los manifestantes y organizaciones de la sociedad civil, compartimos la opini\u00f3n de que la \u00fanica soluci\u00f3n a la actual crisis es la celebraci\u00f3n de nuevas elecciones\u201d, subrayan.<\/p>\n\n\n\n<p class=\"wp-block-paragraph\">Para ello, a\u00f1aden, se necesita un nuevo sistema y administraci\u00f3n electoral, y unas instituciones estatales neutrales.<\/p>\n\n\n\n<p class=\"wp-block-paragraph\">Los ministros de Exteriores de la UE abordar\u00e1n el lunes la situaci\u00f3n en Georgia, donde la UE debate la imposici\u00f3n de sanciones a personalidades pol\u00edticas a ra\u00edz del retroceso democr\u00e1tico en el pa\u00eds.<\/p>\n\n\n\n<p class=\"wp-block-paragraph\">Bruselas ha congelado tanto el proceso de adhesi\u00f3n de Georgia como los fondos destinados al pa\u00eds y ahora estudia c\u00f3mo aumentar el apoyo a la sociedad civil.<\/p>\n\n\n\n<p class=\"wp-block-paragraph\">Fuente: EFE<\/p>\n","protected":false},"excerpt":{"rendered":"<p>Tiflis (EFE).- La oposici\u00f3n georgiana pidi\u00f3 este domingo a la Uni\u00f3n Europea (UE) que imponga sanciones y declare \u201cileg\u00edtimo\u201d al Gobierno del pa\u00eds cauc\u00e1sico, dirigido en la sombra por el&#8230;<\/p>\n","protected":false},"author":18,"featured_media":97902,"comment_status":"closed","ping_status":"closed","sticky":false,"template":"","format":"standard","meta":{"_jetpack_newsletter_access":"","_jetpack_dont_email_post_to_subs":false,"_jetpack_newsletter_tier_id":0,"_jetpack_memberships_contains_paywalled_content":false,"_jetpack_memberships_contains_paid_content":false,"footnotes":""},"categories":[9],"tags":[5068,264],"class_list":["post-97901","post","type-post","status-publish","format-standard","has-post-thumbnail","hentry","category-internacional","tag-georgia","tag-internacional"],"a3_pvc":{"activated":true,"total_views":43,"today_views":0},"jetpack_featured_media_url":"https:\/\/elatlantico.do\/wp-content\/uploads\/2024\/12\/EA6969-GEORGIA-ELECTIONS.webp","jetpack_sharing_enabled":true,"_links":{"self":[{"href":"https:\/\/elatlantico.do\/index.php\/wp-json\/wp\/v2\/posts\/97901","targetHints":{"allow":["GET"]}}],"collection":[{"href":"https:\/\/elatlantico.do\/index.php\/wp-json\/wp\/v2\/posts"}],"about":[{"href":"https:\/\/elatlantico.do\/index.php\/wp-json\/wp\/v2\/types\/post"}],"author":[{"embeddable":true,"href":"https:\/\/elatlantico.do\/index.php\/wp-json\/wp\/v2\/users\/18"}],"replies":[{"embeddable":true,"href":"https:\/\/elatlantico.do\/index.php\/wp-json\/wp\/v2\/comments?post=97901"}],"version-history":[{"count":1,"href":"https:\/\/elatlantico.do\/index.php\/wp-json\/wp\/v2\/posts\/97901\/revisions"}],"predecessor-version":[{"id":97906,"href":"https:\/\/elatlantico.do\/index.php\/wp-json\/wp\/v2\/posts\/97901\/revisions\/97906"}],"wp:featuredmedia":[{"embeddable":true,"href":"https:\/\/elatlantico.do\/index.php\/wp-json\/wp\/v2\/media\/97902"}],"wp:attachment":[{"href":"https:\/\/elatlantico.do\/index.php\/wp-json\/wp\/v2\/media?parent=97901"}],"wp:term":[{"taxonomy":"category","embeddable":true,"href":"https:\/\/elatlantico.do\/index.php\/wp-json\/wp\/v2\/categories?post=97901"},{"taxonomy":"post_tag","embeddable":true,"href":"https:\/\/elatlantico.do\/index.php\/wp-json\/wp\/v2\/tags?post=97901"}],"curies":[{"name":"wp","href":"https:\/\/api.w.org\/{rel}","templated":true}]}}