{"id":88289,"date":"2024-07-30T18:16:54","date_gmt":"2024-07-30T22:16:54","guid":{"rendered":"https:\/\/elatlantico.do\/?p=88289"},"modified":"2024-07-31T08:44:13","modified_gmt":"2024-07-31T12:44:13","slug":"puerto-plata-espera-30-cruceros-para-el-mes-de-agosto","status":"publish","type":"post","link":"https:\/\/elatlantico.do\/index.php\/2024\/07\/30\/puerto-plata-espera-30-cruceros-para-el-mes-de-agosto\/","title":{"rendered":"Puerto Plata espera 30 cruceros para el mes de agosto"},"content":{"rendered":"<div class=\"pvc_clear\"><\/div><p id=\"pvc_stats_88289\" class=\"pvc_stats all  \" data-element-id=\"88289\" style=\"\"><i class=\"pvc-stats-icon medium\" aria-hidden=\"true\"><svg aria-hidden=\"true\" focusable=\"false\" data-prefix=\"far\" data-icon=\"chart-bar\" role=\"img\" xmlns=\"http:\/\/www.w3.org\/2000\/svg\" viewBox=\"0 0 512 512\" class=\"svg-inline--fa fa-chart-bar fa-w-16 fa-2x\"><path fill=\"currentColor\" d=\"M396.8 352h22.4c6.4 0 12.8-6.4 12.8-12.8V108.8c0-6.4-6.4-12.8-12.8-12.8h-22.4c-6.4 0-12.8 6.4-12.8 12.8v230.4c0 6.4 6.4 12.8 12.8 12.8zm-192 0h22.4c6.4 0 12.8-6.4 12.8-12.8V140.8c0-6.4-6.4-12.8-12.8-12.8h-22.4c-6.4 0-12.8 6.4-12.8 12.8v198.4c0 6.4 6.4 12.8 12.8 12.8zm96 0h22.4c6.4 0 12.8-6.4 12.8-12.8V204.8c0-6.4-6.4-12.8-12.8-12.8h-22.4c-6.4 0-12.8 6.4-12.8 12.8v134.4c0 6.4 6.4 12.8 12.8 12.8zM496 400H48V80c0-8.84-7.16-16-16-16H16C7.16 64 0 71.16 0 80v336c0 17.67 14.33 32 32 32h464c8.84 0 16-7.16 16-16v-16c0-8.84-7.16-16-16-16zm-387.2-48h22.4c6.4 0 12.8-6.4 12.8-12.8v-70.4c0-6.4-6.4-12.8-12.8-12.8h-22.4c-6.4 0-12.8 6.4-12.8 12.8v70.4c0 6.4 6.4 12.8 12.8 12.8z\" class=\"\"><\/path><\/svg><\/i> <img loading=\"lazy\" decoding=\"async\" width=\"16\" height=\"16\" alt=\"Loading\" src=\"https:\/\/elatlantico.do\/wp-content\/plugins\/page-views-count\/ajax-loader-2x.gif\" border=0 \/><\/p><div class=\"pvc_clear\"><\/div><!-- VideographyWP Plugin Message: Automatic video embedding prevented by plugin options. -->\n\n<p class=\"wp-block-paragraph\">PUERTO PLATA.-Treinta cruceros llegar\u00e1n a este destino durante el mes de agosto, de acuerdo a la programaci\u00f3n de las navieras y los dos puertos que operan en esta demarcaci\u00f3n, inform\u00f3 el director regional del ministerio de Turismo, Atahualpa Paulino.<\/p>\n\n\n\n<p class=\"wp-block-paragraph\">El funcionario explic\u00f3 que 14 de estos anclar\u00e1n por el puerto de Taino Bay, ubicado en bah\u00eda del centro de la ciudad, mientras que los 16 restantes entrar\u00e1n por el puerto Amber Cove, ubicado en el distrito municipal de Maim\u00f3n.<\/p>\n\n\n\n<p class=\"wp-block-paragraph\">A trav\u00e9sde una notade prensa, el funcionario destaca el dinamismo que posee el destino dominicano y sobre todo la regi\u00f3n norte del pa\u00eds, con la llegada de decenas de buques de cruceros.<\/p>\n\n\n\n<p class=\"wp-block-paragraph\">Paulino asegur\u00f3 que, para este nuevo nicho, no hay temporada baja como en a\u00f1os anteriores debido a la firmeza con la que trabaja el ministerio de turismo, cuyo objetivo es continuar el fortalecimiento de la industria.<\/p>\n","protected":false},"excerpt":{"rendered":"<p>PUERTO PLATA.-Treinta cruceros llegar\u00e1n a este destino durante el mes de agosto, de acuerdo a la programaci\u00f3n de las navieras y los dos puertos que operan en esta demarcaci\u00f3n, inform\u00f3&#8230;<\/p>\n","protected":false},"author":4,"featured_media":88294,"comment_status":"closed","ping_status":"closed","sticky":false,"template":"","format":"standard","meta":{"_jetpack_newsletter_access":"","_jetpack_dont_email_post_to_subs":false,"_jetpack_newsletter_tier_id":0,"_jetpack_memberships_contains_paywalled_content":false,"_jetpack_memberships_contains_paid_content":false,"footnotes":""},"categories":[2],"tags":[72],"class_list":["post-88289","post","type-post","status-publish","format-standard","has-post-thumbnail","hentry","category-turismo","tag-turismo"],"a3_pvc":{"activated":true,"total_views":83,"today_views":0},"jetpack_featured_media_url":"https:\/\/elatlantico.do\/wp-content\/uploads\/2024\/07\/IMG-20240730-WA0024.jpg","jetpack_sharing_enabled":true,"_links":{"self":[{"href":"https:\/\/elatlantico.do\/index.php\/wp-json\/wp\/v2\/posts\/88289","targetHints":{"allow":["GET"]}}],"collection":[{"href":"https:\/\/elatlantico.do\/index.php\/wp-json\/wp\/v2\/posts"}],"about":[{"href":"https:\/\/elatlantico.do\/index.php\/wp-json\/wp\/v2\/types\/post"}],"author":[{"embeddable":true,"href":"https:\/\/elatlantico.do\/index.php\/wp-json\/wp\/v2\/users\/4"}],"replies":[{"embeddable":true,"href":"https:\/\/elatlantico.do\/index.php\/wp-json\/wp\/v2\/comments?post=88289"}],"version-history":[{"count":2,"href":"https:\/\/elatlantico.do\/index.php\/wp-json\/wp\/v2\/posts\/88289\/revisions"}],"predecessor-version":[{"id":88295,"href":"https:\/\/elatlantico.do\/index.php\/wp-json\/wp\/v2\/posts\/88289\/revisions\/88295"}],"wp:featuredmedia":[{"embeddable":true,"href":"https:\/\/elatlantico.do\/index.php\/wp-json\/wp\/v2\/media\/88294"}],"wp:attachment":[{"href":"https:\/\/elatlantico.do\/index.php\/wp-json\/wp\/v2\/media?parent=88289"}],"wp:term":[{"taxonomy":"category","embeddable":true,"href":"https:\/\/elatlantico.do\/index.php\/wp-json\/wp\/v2\/categories?post=88289"},{"taxonomy":"post_tag","embeddable":true,"href":"https:\/\/elatlantico.do\/index.php\/wp-json\/wp\/v2\/tags?post=88289"}],"curies":[{"name":"wp","href":"https:\/\/api.w.org\/{rel}","templated":true}]}}