{"id":45568,"date":"2021-12-16T10:13:47","date_gmt":"2021-12-16T14:13:47","guid":{"rendered":"https:\/\/elatlantico.do\/?p=45568"},"modified":"2021-12-17T09:26:56","modified_gmt":"2021-12-17T13:26:56","slug":"invertiran-rd550-millones-en-centro-historico-de-puerto-plata-y-en-remozamiento-playa-sosua-en-el-2022","status":"publish","type":"post","link":"https:\/\/elatlantico.do\/index.php\/2021\/12\/16\/invertiran-rd550-millones-en-centro-historico-de-puerto-plata-y-en-remozamiento-playa-sosua-en-el-2022\/","title":{"rendered":"Invertir\u00e1n RD$550 millones en centro hist\u00f3rico de Puerto Plata y en remozamiento Playa Sos\u00faa en el 2022"},"content":{"rendered":"<div class=\"pvc_clear\"><\/div><p id=\"pvc_stats_45568\" class=\"pvc_stats all  \" data-element-id=\"45568\" style=\"\"><i class=\"pvc-stats-icon medium\" aria-hidden=\"true\"><svg aria-hidden=\"true\" focusable=\"false\" data-prefix=\"far\" data-icon=\"chart-bar\" role=\"img\" xmlns=\"http:\/\/www.w3.org\/2000\/svg\" viewBox=\"0 0 512 512\" class=\"svg-inline--fa fa-chart-bar fa-w-16 fa-2x\"><path fill=\"currentColor\" d=\"M396.8 352h22.4c6.4 0 12.8-6.4 12.8-12.8V108.8c0-6.4-6.4-12.8-12.8-12.8h-22.4c-6.4 0-12.8 6.4-12.8 12.8v230.4c0 6.4 6.4 12.8 12.8 12.8zm-192 0h22.4c6.4 0 12.8-6.4 12.8-12.8V140.8c0-6.4-6.4-12.8-12.8-12.8h-22.4c-6.4 0-12.8 6.4-12.8 12.8v198.4c0 6.4 6.4 12.8 12.8 12.8zm96 0h22.4c6.4 0 12.8-6.4 12.8-12.8V204.8c0-6.4-6.4-12.8-12.8-12.8h-22.4c-6.4 0-12.8 6.4-12.8 12.8v134.4c0 6.4 6.4 12.8 12.8 12.8zM496 400H48V80c0-8.84-7.16-16-16-16H16C7.16 64 0 71.16 0 80v336c0 17.67 14.33 32 32 32h464c8.84 0 16-7.16 16-16v-16c0-8.84-7.16-16-16-16zm-387.2-48h22.4c6.4 0 12.8-6.4 12.8-12.8v-70.4c0-6.4-6.4-12.8-12.8-12.8h-22.4c-6.4 0-12.8 6.4-12.8 12.8v70.4c0 6.4 6.4 12.8 12.8 12.8z\" class=\"\"><\/path><\/svg><\/i> <img loading=\"lazy\" decoding=\"async\" width=\"16\" height=\"16\" alt=\"Loading\" src=\"https:\/\/elatlantico.do\/wp-content\/plugins\/page-views-count\/ajax-loader-2x.gif\" border=0 \/><\/p><div class=\"pvc_clear\"><\/div><!-- VideographyWP Plugin Message: Automatic video embedding prevented by plugin options. -->\n\n<p class=\"wp-block-paragraph\">PUERTO PLATA.-El Gobierno, a trav\u00e9s del Ministerio de Turismo y con apoyo privado invertir\u00e1 150 millones de pesos para remozar la zona del centro hist\u00f3rico del municipio cabecera San Felipe de Puerto Plata como parte de las inversiones que se realizan en procura del relanzamiento del turismo.<\/p>\n\n\n\n<p class=\"wp-block-paragraph\">El anuncio fue hecho por el presidente Luis Abinader durante la inauguraci\u00f3n del nuevo puerto tur\u00edstico Ta\u00edno Bay el mi\u00e9rcoles, quien explic\u00f3 que su gobierno tiene un compromiso con el desarrollo de la zona Norte, en especial la provincia Puerto Plata.<\/p>\n\n\n\n<p class=\"wp-block-paragraph\">De igual manera, el jefe de Estado anunci\u00f3 que se estar\u00e1 licitando en enero del pr\u00f3ximo a\u00f1o, el proyecto de la ic\u00f3nica&nbsp;playa Puerto Plata &#8211; Sos\u00faa, con redise\u00f1o y construcci\u00f3n con un presupuesto&nbsp;de cerca de 400 millones de pesos.&nbsp;<\/p>\n\n\n\n<p class=\"wp-block-paragraph\">El mandatario tambi\u00e9n record\u00f3 que est\u00e1 en dise\u00f1o para su posterior construcci\u00f3n el pr\u00f3ximo a\u00f1o un estudio cinematogr\u00e1fico en la zona de Bergantin, Puerto Plata, bajo la firma de la empresa del actor Vin Diesel y One Race Film, cuyo proyecto ayudar\u00e1 a consolidar la industria del cine dominicano y generar\u00e1 miles de empleos e impulsar\u00e1 el turismo.<\/p>\n","protected":false},"excerpt":{"rendered":"<p>PUERTO PLATA.-El Gobierno, a trav\u00e9s del Ministerio de Turismo y con apoyo privado invertir\u00e1 150 millones de pesos para remozar la zona del centro hist\u00f3rico del municipio cabecera San Felipe&#8230;<\/p>\n","protected":false},"author":3,"featured_media":45569,"comment_status":"closed","ping_status":"closed","sticky":false,"template":"","format":"standard","meta":{"_jetpack_newsletter_access":"","_jetpack_dont_email_post_to_subs":false,"_jetpack_newsletter_tier_id":0,"_jetpack_memberships_contains_paywalled_content":false,"_jetpack_memberships_contains_paid_content":false,"footnotes":""},"categories":[1],"tags":[229,344,72],"class_list":["post-45568","post","type-post","status-publish","format-standard","has-post-thumbnail","hentry","category-puerto-plata","tag-gobierno","tag-inversiones","tag-turismo"],"a3_pvc":{"activated":true,"total_views":1223,"today_views":0},"jetpack_featured_media_url":"https:\/\/elatlantico.do\/wp-content\/uploads\/2021\/12\/Plaza-Independencia-d\u00eda-03.jpg","jetpack_sharing_enabled":true,"_links":{"self":[{"href":"https:\/\/elatlantico.do\/index.php\/wp-json\/wp\/v2\/posts\/45568","targetHints":{"allow":["GET"]}}],"collection":[{"href":"https:\/\/elatlantico.do\/index.php\/wp-json\/wp\/v2\/posts"}],"about":[{"href":"https:\/\/elatlantico.do\/index.php\/wp-json\/wp\/v2\/types\/post"}],"author":[{"embeddable":true,"href":"https:\/\/elatlantico.do\/index.php\/wp-json\/wp\/v2\/users\/3"}],"replies":[{"embeddable":true,"href":"https:\/\/elatlantico.do\/index.php\/wp-json\/wp\/v2\/comments?post=45568"}],"version-history":[{"count":0,"href":"https:\/\/elatlantico.do\/index.php\/wp-json\/wp\/v2\/posts\/45568\/revisions"}],"wp:featuredmedia":[{"embeddable":true,"href":"https:\/\/elatlantico.do\/index.php\/wp-json\/wp\/v2\/media\/45569"}],"wp:attachment":[{"href":"https:\/\/elatlantico.do\/index.php\/wp-json\/wp\/v2\/media?parent=45568"}],"wp:term":[{"taxonomy":"category","embeddable":true,"href":"https:\/\/elatlantico.do\/index.php\/wp-json\/wp\/v2\/categories?post=45568"},{"taxonomy":"post_tag","embeddable":true,"href":"https:\/\/elatlantico.do\/index.php\/wp-json\/wp\/v2\/tags?post=45568"}],"curies":[{"name":"wp","href":"https:\/\/api.w.org\/{rel}","templated":true}]}}