{"id":147673,"date":"2026-09-05T17:19:36","date_gmt":"2026-09-05T21:19:36","guid":{"rendered":"https:\/\/elatlantico.do\/?p=147673"},"modified":"2026-09-05T17:19:37","modified_gmt":"2026-09-05T21:19:37","slug":"gobierno-reinagura-el-hospital-materno-infantil-de-san-jose-de-las-matas","status":"publish","type":"post","link":"https:\/\/elatlantico.do\/index.php\/2026\/09\/05\/gobierno-reinagura-el-hospital-materno-infantil-de-san-jose-de-las-matas\/","title":{"rendered":"Gobierno reinagura el Hospital Materno Infantil de San Jos\u00e9 de las Matas"},"content":{"rendered":"<div class=\"pvc_clear\"><\/div><p id=\"pvc_stats_147673\" class=\"pvc_stats all  \" data-element-id=\"147673\" style=\"\"><i class=\"pvc-stats-icon medium\" aria-hidden=\"true\"><svg aria-hidden=\"true\" focusable=\"false\" data-prefix=\"far\" data-icon=\"chart-bar\" role=\"img\" xmlns=\"http:\/\/www.w3.org\/2000\/svg\" viewBox=\"0 0 512 512\" class=\"svg-inline--fa fa-chart-bar fa-w-16 fa-2x\"><path fill=\"currentColor\" d=\"M396.8 352h22.4c6.4 0 12.8-6.4 12.8-12.8V108.8c0-6.4-6.4-12.8-12.8-12.8h-22.4c-6.4 0-12.8 6.4-12.8 12.8v230.4c0 6.4 6.4 12.8 12.8 12.8zm-192 0h22.4c6.4 0 12.8-6.4 12.8-12.8V140.8c0-6.4-6.4-12.8-12.8-12.8h-22.4c-6.4 0-12.8 6.4-12.8 12.8v198.4c0 6.4 6.4 12.8 12.8 12.8zm96 0h22.4c6.4 0 12.8-6.4 12.8-12.8V204.8c0-6.4-6.4-12.8-12.8-12.8h-22.4c-6.4 0-12.8 6.4-12.8 12.8v134.4c0 6.4 6.4 12.8 12.8 12.8zM496 400H48V80c0-8.84-7.16-16-16-16H16C7.16 64 0 71.16 0 80v336c0 17.67 14.33 32 32 32h464c8.84 0 16-7.16 16-16v-16c0-8.84-7.16-16-16-16zm-387.2-48h22.4c6.4 0 12.8-6.4 12.8-12.8v-70.4c0-6.4-6.4-12.8-12.8-12.8h-22.4c-6.4 0-12.8 6.4-12.8 12.8v70.4c0 6.4 6.4 12.8 12.8 12.8z\" class=\"\"><\/path><\/svg><\/i> <img loading=\"lazy\" decoding=\"async\" width=\"16\" height=\"16\" alt=\"Loading\" src=\"https:\/\/elatlantico.do\/wp-content\/plugins\/page-views-count\/ajax-loader-2x.gif\" border=0 \/><\/p><div class=\"pvc_clear\"><\/div><!-- VideographyWP Plugin Message: Automatic video embedding prevented by plugin options. -->\n\n<p class=\"wp-block-paragraph\">San Jos\u00e9 de las Matas, Santiago.\u2014 El presidente Luis Abinader destac\u00f3 este s\u00e1bado las inversiones y la modernizaci\u00f3n de los servicios de salud en la Sierra, especialmente en San Jos\u00e9 de las Matas (Sajoma) y sus distritos, al encabezar el acto de inauguraci\u00f3n del remozamiento general del Hospital Materno Infantil y resaltar que la zona cuenta con un hospital de tercer nivel y una maternidad de segundo nivel, lo que fortalece la capacidad de atenci\u00f3n de la poblaci\u00f3n.<\/p>\n\n\n\n<p class=\"wp-block-paragraph\">Durante el acto el mandatario anunci\u00f3 la entrega de un tom\u00f3grafo al Hospital General de San Jos\u00e9 de las Matas y la disposici\u00f3n de las ambulancias necesarias para los hospitales de la zona, con el prop\u00f3sito de evitar que los pacientes tengan que ser trasladados a Santiago para recibir estos servicios.<\/p>\n\n\n\n<p class=\"wp-block-paragraph\">El presidente afirm\u00f3 que la renovada maternidad est\u00e1 llamada a convertirse en un centro de referencia para toda la Sierra y contribuir\u00e1 a descongestionar los hospitales de otros municipios, al acercar la atenci\u00f3n a las mujeres embarazadas de la zona.<\/p>\n\n\n\n<p class=\"wp-block-paragraph\">\u201cHoy la Sierra y especialmente Sajoma y todos sus distritos, en t\u00e9rminos de salud, no tienen por qu\u00e9 envidiarle nada a ning\u00fan lugar de la Rep\u00fablica Dominicana\u201d, expres\u00f3 el jefe de Estado.<\/p>\n\n\n\n<p class=\"wp-block-paragraph\">Abinader llam\u00f3 a las autoridades y al personal sanitario a trabajar de manera conjunta para garantizar los mejores servicios a la poblaci\u00f3n.<\/p>\n\n\n\n<p class=\"wp-block-paragraph\">Deuda hist\u00f3rica<\/p>\n\n\n\n<p class=\"wp-block-paragraph\">El jefe de Estado destac\u00f3 que las inversiones realizadas en San Jos\u00e9 de las Matas representan una deuda hist\u00f3rica del Gobierno con una comunidad que calific\u00f3 como productiva y emprendedora.\u201cPorque aqu\u00ed en Sajoma, estas inversiones que estamos haciendo, es una deuda hist\u00f3rica que tiene el Gobierno con esta comunidad tan productiva, tan emprendedora\u201d, sostuvo.<\/p>\n\n\n\n<p class=\"wp-block-paragraph\">Asimismo, resalt\u00f3 el aporte de los habitantes de la zona al desarrollo del pa\u00eds y el v\u00ednculo que mantienen con sus comunidades muchos dominicanos que han emigrado al exterior y regresan para invertir, construir sus viviendas y establecerse junto a sus familias, por lo que consider\u00f3 fundamental garantizarles servicios de salud adecuados.<\/p>\n\n\n\n<p class=\"wp-block-paragraph\">Abinader manifest\u00f3 su satisfacci\u00f3n por la terminaci\u00f3n de la maternidad y llam\u00f3 a la comunidad a contribuir con el cuidado de las nuevas instalaciones mediante la creaci\u00f3n de voluntariados.<\/p>\n\n\n\n<p class=\"wp-block-paragraph\">El mandatario reiter\u00f3 la importancia de fortalecer la capacidad de los centros de salud de la zona para evitar traslados innecesarios de pacientes hacia Santiago y garantizar una atenci\u00f3n m\u00e1s cercana y oportuna.<\/p>\n\n\n\n<p class=\"wp-block-paragraph\">Atenci\u00f3n m\u00e1s oportuna y humanizada<\/p>\n\n\n\n<p class=\"wp-block-paragraph\">De su lado, el director ejecutivo del Servicio Nacional de Salud (SNS), doctor Julio Landr\u00f3n, destac\u00f3 la inversi\u00f3n de RD$75.5 millones en la renovaci\u00f3n y equipamiento del hospital y anunci\u00f3 la construcci\u00f3n de una Unidad de Cuidados Intensivos Neonatal y Materna (UCIN), con siete camas cada una, para evitar traslados a Santiago y garantizar una atenci\u00f3n m\u00e1s oportuna y humanizada.<\/p>\n\n\n\n<p class=\"wp-block-paragraph\">Landr\u00f3n explic\u00f3 que la intervenci\u00f3n incluy\u00f3 una moderna \u00e1rea de emergencia y el fortalecimiento de los servicios de consultas, pediatr\u00eda, ginecolog\u00eda, psicolog\u00eda, odontolog\u00eda, sonograf\u00eda, rayos X, laboratorio, farmacia y vacunaci\u00f3n, adem\u00e1s de la renovaci\u00f3n de las \u00e1reas quir\u00fargica y materno-infantil.<\/p>\n\n\n\n<p class=\"wp-block-paragraph\">El titular del SNS destac\u00f3 que estas mejoras permitir\u00e1n ampliar la capacidad de respuesta del centro y ofrecer servicios m\u00e1s organizados y humanizados. Tambi\u00e9n resalt\u00f3 los avances en salud materno-infantil y se\u00f1al\u00f3 que el bolet\u00edn epidemiol\u00f3gico n\u00famero 33 registra una reducci\u00f3n de 25 % en la mortalidad materna respecto a 2025 y de 52 % en comparaci\u00f3n con 2019.<\/p>\n\n\n\n<p class=\"wp-block-paragraph\">Agradecen al mandatario por las inversiones<\/p>\n\n\n\n<p class=\"wp-block-paragraph\">La gobernadora de Santiago, Rosa Santos, destac\u00f3 que la transformaci\u00f3n del antiguo hospital general en un centro especializado en atenci\u00f3n materno-infantil demuestra el compromiso del presidente Luis Abinader de trabajar sin dejar a nadie atr\u00e1s.<\/p>\n\n\n\n<p class=\"wp-block-paragraph\">La bendici\u00f3n del acto estuvo a cargo del p\u00e1rroco Manuel Segura, quien pidi\u00f3 a Dios por todas las personas que acudan al hospital, para que reciban un trato humano, atenci\u00f3n oportuna y cuidados de calidad que contribuyan a su recuperaci\u00f3n integral.<\/p>\n\n\n\n<p class=\"wp-block-paragraph\">Acompa\u00f1aron al presidente Abinader el senador por Santiago, Daniel Rivera; el alcalde de San Jos\u00e9 de las Matas, Alfredo Reyes; el director de la Corporaci\u00f3n del Acueducto y Alcantarillado de Santiago (CORAASAN), Andr\u00e9s Cueto Bernardo; el director regional de Salud, Miguel \u00c1ngel Mart\u00ednez, entre otras autoridades y representantes de la comunidad.<\/p>\n","protected":false},"excerpt":{"rendered":"<p>San Jos\u00e9 de las Matas, Santiago.\u2014 El presidente Luis Abinader destac\u00f3 este s\u00e1bado las inversiones y la modernizaci\u00f3n de los servicios de salud en la Sierra, especialmente en San Jos\u00e9&#8230;<\/p>\n","protected":false},"author":4,"featured_media":147674,"comment_status":"closed","ping_status":"closed","sticky":false,"template":"","format":"standard","meta":{"_jetpack_newsletter_access":"","_jetpack_dont_email_post_to_subs":false,"_jetpack_newsletter_tier_id":0,"_jetpack_memberships_contains_paywalled_content":false,"_jetpack_memberships_contains_paid_content":false,"footnotes":""},"categories":[4091],"tags":[229,480,449,126],"class_list":["post-147673","post","type-post","status-publish","format-standard","has-post-thumbnail","hentry","category-nacionales","tag-gobierno","tag-hospitales","tag-luis-abinader","tag-salud"],"a3_pvc":{"activated":true,"total_views":28,"today_views":2},"jetpack_featured_media_url":"https:\/\/elatlantico.do\/wp-content\/uploads\/2026\/09\/WhatsApp-Image-2026-09-05-at-5.01.22-PM.jpeg","jetpack_sharing_enabled":true,"_links":{"self":[{"href":"https:\/\/elatlantico.do\/index.php\/wp-json\/wp\/v2\/posts\/147673","targetHints":{"allow":["GET"]}}],"collection":[{"href":"https:\/\/elatlantico.do\/index.php\/wp-json\/wp\/v2\/posts"}],"about":[{"href":"https:\/\/elatlantico.do\/index.php\/wp-json\/wp\/v2\/types\/post"}],"author":[{"embeddable":true,"href":"https:\/\/elatlantico.do\/index.php\/wp-json\/wp\/v2\/users\/4"}],"replies":[{"embeddable":true,"href":"https:\/\/elatlantico.do\/index.php\/wp-json\/wp\/v2\/comments?post=147673"}],"version-history":[{"count":1,"href":"https:\/\/elatlantico.do\/index.php\/wp-json\/wp\/v2\/posts\/147673\/revisions"}],"predecessor-version":[{"id":147678,"href":"https:\/\/elatlantico.do\/index.php\/wp-json\/wp\/v2\/posts\/147673\/revisions\/147678"}],"wp:featuredmedia":[{"embeddable":true,"href":"https:\/\/elatlantico.do\/index.php\/wp-json\/wp\/v2\/media\/147674"}],"wp:attachment":[{"href":"https:\/\/elatlantico.do\/index.php\/wp-json\/wp\/v2\/media?parent=147673"}],"wp:term":[{"taxonomy":"category","embeddable":true,"href":"https:\/\/elatlantico.do\/index.php\/wp-json\/wp\/v2\/categories?post=147673"},{"taxonomy":"post_tag","embeddable":true,"href":"https:\/\/elatlantico.do\/index.php\/wp-json\/wp\/v2\/tags?post=147673"}],"curies":[{"name":"wp","href":"https:\/\/api.w.org\/{rel}","templated":true}]}}