{"id":147647,"date":"2026-09-05T09:05:51","date_gmt":"2026-09-05T13:05:51","guid":{"rendered":"https:\/\/elatlantico.do\/?p=147647"},"modified":"2026-09-05T09:05:53","modified_gmt":"2026-09-05T13:05:53","slug":"ejercito-dispone-levantamiento-para-remozar-cuarteles-y-dignificar-puestos-militares-en-la-franja-fronteriza","status":"publish","type":"post","link":"https:\/\/elatlantico.do\/index.php\/2026\/09\/05\/ejercito-dispone-levantamiento-para-remozar-cuarteles-y-dignificar-puestos-militares-en-la-franja-fronteriza\/","title":{"rendered":"Ej\u00e9rcito dispone levantamiento para remozar cuarteles y dignificar puestos militares en la franja fronteriza"},"content":{"rendered":"<div class=\"pvc_clear\"><\/div><p id=\"pvc_stats_147647\" class=\"pvc_stats all  \" data-element-id=\"147647\" style=\"\"><i class=\"pvc-stats-icon medium\" aria-hidden=\"true\"><svg aria-hidden=\"true\" focusable=\"false\" data-prefix=\"far\" data-icon=\"chart-bar\" role=\"img\" xmlns=\"http:\/\/www.w3.org\/2000\/svg\" viewBox=\"0 0 512 512\" class=\"svg-inline--fa fa-chart-bar fa-w-16 fa-2x\"><path fill=\"currentColor\" d=\"M396.8 352h22.4c6.4 0 12.8-6.4 12.8-12.8V108.8c0-6.4-6.4-12.8-12.8-12.8h-22.4c-6.4 0-12.8 6.4-12.8 12.8v230.4c0 6.4 6.4 12.8 12.8 12.8zm-192 0h22.4c6.4 0 12.8-6.4 12.8-12.8V140.8c0-6.4-6.4-12.8-12.8-12.8h-22.4c-6.4 0-12.8 6.4-12.8 12.8v198.4c0 6.4 6.4 12.8 12.8 12.8zm96 0h22.4c6.4 0 12.8-6.4 12.8-12.8V204.8c0-6.4-6.4-12.8-12.8-12.8h-22.4c-6.4 0-12.8 6.4-12.8 12.8v134.4c0 6.4 6.4 12.8 12.8 12.8zM496 400H48V80c0-8.84-7.16-16-16-16H16C7.16 64 0 71.16 0 80v336c0 17.67 14.33 32 32 32h464c8.84 0 16-7.16 16-16v-16c0-8.84-7.16-16-16-16zm-387.2-48h22.4c6.4 0 12.8-6.4 12.8-12.8v-70.4c0-6.4-6.4-12.8-12.8-12.8h-22.4c-6.4 0-12.8 6.4-12.8 12.8v70.4c0 6.4 6.4 12.8 12.8 12.8z\" class=\"\"><\/path><\/svg><\/i> <img loading=\"lazy\" decoding=\"async\" width=\"16\" height=\"16\" alt=\"Loading\" src=\"https:\/\/elatlantico.do\/wp-content\/plugins\/page-views-count\/ajax-loader-2x.gif\" border=0 \/><\/p><div class=\"pvc_clear\"><\/div><!-- VideographyWP Plugin Message: Automatic video embedding prevented by plugin options. -->\n\n<p class=\"wp-block-paragraph\">Elias Pi\u00f1a.-El comandante general del Ej\u00e9rcito de la Rep\u00fablica Dominicana dispuso un levantamiento estructural y operativo de los recintos militares de la instituci\u00f3n ubicados a lo largo de la frontera, con el objetivo de mejorar las condiciones de vida de los soldados y actualizar nuevas estrategias de seguridad en la l\u00ednea lim\u00edtrofe.<\/p>\n\n\n\n<p class=\"wp-block-paragraph\">Durante un recorrido de supervisi\u00f3n que inici\u00f3 el viernes en Manzanillo y concluye este s\u00e1bado en Jiman\u00ed, el alto mando militar prioriz\u00f3 la evaluaci\u00f3n de algunos destacamentos donde pernoctan las tropas desde Dajab\u00f3n hasta Pedro Santana en El\u00edas Pi\u00f1a,<\/p>\n\n\n\n<p class=\"wp-block-paragraph\">Las disposiciones de remozamiento buscan garantizar que las instalaciones cuenten con suministro de agua, energ\u00eda el\u00e9ctrica y ba\u00f1os dignos.<\/p>\n\n\n\n<p class=\"wp-block-paragraph\">\u00abEl soldado es el primer recurso humano que nosotros tenemos para hacer cumplir las leyes\u00bb, expres\u00f3 el titular del Ej\u00e9rcito.<\/p>\n\n\n\n<p class=\"wp-block-paragraph\">Explic\u00f3 adem\u00e1s que este levantamiento en el terreno permitir\u00e1 adquirir una nueva perspectiva para planificar t\u00e1cticas de defensa actualizadas.<\/p>\n\n\n\n<p class=\"wp-block-paragraph\">Despliegue hist\u00f3rico y listeza operacional<\/p>\n\n\n\n<p class=\"wp-block-paragraph\">Al evaluar la listeza de las tropas, el oficial general destac\u00f3 que la frontera cuenta actualmente con una cantidad de personal sin precedentes.<\/p>\n\n\n\n<p class=\"wp-block-paragraph\">Este despliegue se mantiene en constante sincronizaci\u00f3n con el Cuerpo Especializado de Seguridad Fronteriza Terrestre (Cesfront), la Direcci\u00f3n General de Migraci\u00f3n y el C5i del Ministerio de Defensa.<\/p>\n\n\n\n<p class=\"wp-block-paragraph\">Hait\u00ed no representa una amenaza de seguridad<\/p>\n\n\n\n<p class=\"wp-block-paragraph\">El comandante general dtel Ej\u00e9rcito de Rep\u00fablica Dominicana garantiz\u00f3 que las brigadas Tercera, Cuarta y Quinta mantienen el personal operativo necesario para responder a cualquier contingencia.<\/p>\n\n\n\n<p class=\"wp-block-paragraph\">Durante el trayecto, el alto mando militar supervis\u00f3 minuciosamente el Puesto Entrada Don Miguel, la Fortaleza General Jos\u00e9 Cabrera en Loma de Cabrera, la 17ma. Compa\u00f1\u00eda en Restauraci\u00f3n, los puestos de Los Algodones, El Corte, La Cadena, El Fort\u00edn y Guaroa, as\u00ed como el Destacamento de B\u00e1nica, el Destacamento Macas\u00edas y la Fortaleza La Estrelleta en El\u00edas Pi\u00f1a, concluyendo la jornada con su llegada a la sede de la Tercera Brigada de Infanter\u00eda.<\/p>\n","protected":false},"excerpt":{"rendered":"<p>Elias Pi\u00f1a.-El comandante general del Ej\u00e9rcito de la Rep\u00fablica Dominicana dispuso un levantamiento estructural y operativo de los recintos militares de la instituci\u00f3n ubicados a lo largo de la frontera,&#8230;<\/p>\n","protected":false},"author":4,"featured_media":147648,"comment_status":"closed","ping_status":"closed","sticky":false,"template":"","format":"standard","meta":{"_jetpack_newsletter_access":"","_jetpack_dont_email_post_to_subs":false,"_jetpack_newsletter_tier_id":0,"_jetpack_memberships_contains_paywalled_content":false,"_jetpack_memberships_contains_paid_content":false,"footnotes":""},"categories":[4091],"tags":[1930,5791],"class_list":["post-147647","post","type-post","status-publish","format-standard","has-post-thumbnail","hentry","category-nacionales","tag-ejercito-nacional","tag-frontera-dominico-haitiana"],"a3_pvc":{"activated":true,"total_views":15,"today_views":1},"jetpack_featured_media_url":"https:\/\/elatlantico.do\/wp-content\/uploads\/2026\/09\/WhatsApp-Image-2026-09-05-at-9.02.48-AM.jpeg","jetpack_sharing_enabled":true,"_links":{"self":[{"href":"https:\/\/elatlantico.do\/index.php\/wp-json\/wp\/v2\/posts\/147647","targetHints":{"allow":["GET"]}}],"collection":[{"href":"https:\/\/elatlantico.do\/index.php\/wp-json\/wp\/v2\/posts"}],"about":[{"href":"https:\/\/elatlantico.do\/index.php\/wp-json\/wp\/v2\/types\/post"}],"author":[{"embeddable":true,"href":"https:\/\/elatlantico.do\/index.php\/wp-json\/wp\/v2\/users\/4"}],"replies":[{"embeddable":true,"href":"https:\/\/elatlantico.do\/index.php\/wp-json\/wp\/v2\/comments?post=147647"}],"version-history":[{"count":1,"href":"https:\/\/elatlantico.do\/index.php\/wp-json\/wp\/v2\/posts\/147647\/revisions"}],"predecessor-version":[{"id":147652,"href":"https:\/\/elatlantico.do\/index.php\/wp-json\/wp\/v2\/posts\/147647\/revisions\/147652"}],"wp:featuredmedia":[{"embeddable":true,"href":"https:\/\/elatlantico.do\/index.php\/wp-json\/wp\/v2\/media\/147648"}],"wp:attachment":[{"href":"https:\/\/elatlantico.do\/index.php\/wp-json\/wp\/v2\/media?parent=147647"}],"wp:term":[{"taxonomy":"category","embeddable":true,"href":"https:\/\/elatlantico.do\/index.php\/wp-json\/wp\/v2\/categories?post=147647"},{"taxonomy":"post_tag","embeddable":true,"href":"https:\/\/elatlantico.do\/index.php\/wp-json\/wp\/v2\/tags?post=147647"}],"curies":[{"name":"wp","href":"https:\/\/api.w.org\/{rel}","templated":true}]}}