{"id":147641,"date":"2026-09-05T06:01:00","date_gmt":"2026-09-05T10:01:00","guid":{"rendered":"https:\/\/elatlantico.do\/?p=147641"},"modified":"2026-09-05T09:04:09","modified_gmt":"2026-09-05T13:04:09","slug":"un-ciudadano-chino-y-una-mujer-de-64-anos-rescatados-vivos-en-nepal-en-el-undecimo-dia-tras-la-riada","status":"publish","type":"post","link":"https:\/\/elatlantico.do\/index.php\/2026\/09\/05\/un-ciudadano-chino-y-una-mujer-de-64-anos-rescatados-vivos-en-nepal-en-el-undecimo-dia-tras-la-riada\/","title":{"rendered":"Un ciudadano chino y una mujer de 64 a\u00f1os, rescatados vivos en Nepal en el und\u00e9cimo d\u00eda tras la riada"},"content":{"rendered":"<div class=\"pvc_clear\"><\/div><p id=\"pvc_stats_147641\" class=\"pvc_stats all  \" data-element-id=\"147641\" style=\"\"><i class=\"pvc-stats-icon medium\" aria-hidden=\"true\"><svg aria-hidden=\"true\" focusable=\"false\" data-prefix=\"far\" data-icon=\"chart-bar\" role=\"img\" xmlns=\"http:\/\/www.w3.org\/2000\/svg\" viewBox=\"0 0 512 512\" class=\"svg-inline--fa fa-chart-bar fa-w-16 fa-2x\"><path fill=\"currentColor\" d=\"M396.8 352h22.4c6.4 0 12.8-6.4 12.8-12.8V108.8c0-6.4-6.4-12.8-12.8-12.8h-22.4c-6.4 0-12.8 6.4-12.8 12.8v230.4c0 6.4 6.4 12.8 12.8 12.8zm-192 0h22.4c6.4 0 12.8-6.4 12.8-12.8V140.8c0-6.4-6.4-12.8-12.8-12.8h-22.4c-6.4 0-12.8 6.4-12.8 12.8v198.4c0 6.4 6.4 12.8 12.8 12.8zm96 0h22.4c6.4 0 12.8-6.4 12.8-12.8V204.8c0-6.4-6.4-12.8-12.8-12.8h-22.4c-6.4 0-12.8 6.4-12.8 12.8v134.4c0 6.4 6.4 12.8 12.8 12.8zM496 400H48V80c0-8.84-7.16-16-16-16H16C7.16 64 0 71.16 0 80v336c0 17.67 14.33 32 32 32h464c8.84 0 16-7.16 16-16v-16c0-8.84-7.16-16-16-16zm-387.2-48h22.4c6.4 0 12.8-6.4 12.8-12.8v-70.4c0-6.4-6.4-12.8-12.8-12.8h-22.4c-6.4 0-12.8 6.4-12.8 12.8v70.4c0 6.4 6.4 12.8 12.8 12.8z\" class=\"\"><\/path><\/svg><\/i> <img loading=\"lazy\" decoding=\"async\" width=\"16\" height=\"16\" alt=\"Loading\" src=\"https:\/\/elatlantico.do\/wp-content\/plugins\/page-views-count\/ajax-loader-2x.gif\" border=0 \/><\/p><div class=\"pvc_clear\"><\/div><!-- VideographyWP Plugin Message: Automatic video embedding prevented by plugin options. -->\n\n<p class=\"wp-block-paragraph\">Katmand\u00fa (EFE).- Un ciudadano chino atrapado en el t\u00fanel de una hidroel\u00e9ctrica y una mujer de 64 a\u00f1os sepultada por el lodo en una vivienda fueron rescatados este s\u00e1bado con vida en Nepal, en el und\u00e9cimo d\u00eda tras las devastadoras riadas, dos hallazgos que mantienen abiertas las esperanzas de encontrar m\u00e1s supervivientes.<\/p>\n\n\n\n<h2 class=\"wp-block-heading\">Chandrika Shrestha fue localizada en una vivienda<\/h2>\n\n\n\n<p class=\"wp-block-paragraph\">Chandrika Shrestha, de 64 a\u00f1os, fue localizada en una vivienda del mercado de Betrawati, en Nuwakot, despu\u00e9s de que los equipos recibieran informaci\u00f3n de que se escuchaba una voz procedente del interior de la casa, seg\u00fan medios locales.<\/p>\n\n\n\n<p class=\"wp-block-paragraph\">En las im\u00e1genes difundidas por las autoridades, Shrestha aparece consciente, sentada sobre una gruesa capa de lodo dentro de un espacio reducido, con apenas distancia entre los sedimentos acumulados y el techo, mientras varios rescatistas llegan hasta ella a trav\u00e9s de una abertura de la vivienda.<\/p>\n\n\n\n<p class=\"wp-block-paragraph\">La mujer fue rescatada por un equipo de la Polic\u00eda Armada de Nepal dirigido por el inspector Suman BK y trasladada para recibir primeros auxilios antes de ser evacuada hacia Katmand\u00fa, inform\u00f3 la oficina del primer ministro.<\/p>\n\n\n\n<p class=\"wp-block-paragraph\">Las autoridades no han explicado todav\u00eda c\u00f3mo logr\u00f3 sobrevivir durante tantos d\u00edas atrapada en la vivienda ni si tuvo acceso a agua o alimentos.<\/p>\n\n\n\n<h2 class=\"wp-block-heading\">Un ciudadano chino<\/h2>\n\n\n\n<p class=\"wp-block-paragraph\">Horas antes, un ciudadano chino fue extra\u00eddo con vida del t\u00fanel Audit-4 de la hidroel\u00e9ctrica Upper Trishuli-1, en Rasuwa, en una operaci\u00f3n conjunta del Ej\u00e9rcito de Nepal y un equipo surcoreano de especialistas en desastres.<\/p>\n\n\n\n<p class=\"wp-block-paragraph\">Tras su liberaci\u00f3n, el hombre fue trasladado al cuartel militar de Maithil, en Trishuli, para recibir atenci\u00f3n m\u00e9dica de urgencia.<\/p>\n\n\n\n<p class=\"wp-block-paragraph\">Upper Trishuli-1, una central hidroel\u00e9ctrica de 216 megavatios todav\u00eda en construcci\u00f3n, es uno de los lugares donde se concentra la b\u00fasqueda de desaparecidos. Seis cuerpos sin identificar fueron recuperados el viernes en la zona del proyecto y centenares de trabajadores contin\u00faan sin ser localizados.<\/p>\n\n\n\n<p class=\"wp-block-paragraph\">Los dos hallazgos de este s\u00e1bado se suman al rescate el viernes de otros dos trabajadores que permanecieron diez d\u00edas atrapados en una galer\u00eda de la cercana central hidroel\u00e9ctrica Trishuli 3A.<\/p>\n\n\n\n<p class=\"wp-block-paragraph\">Uno de ellos permanece en estado cr\u00edtico por hipotermia severa y agotamiento, mientras que su compa\u00f1ero se encuentra estable.<br>Los cuatro rescates en apenas 24 horas han renovado las esperanzas de los equipos que contin\u00faan buscando supervivientes entre el lodo, los escombros y los t\u00faneles de los proyectos hidroel\u00e9ctricos arrasados por la riada.<\/p>\n\n\n\n<h2 class=\"wp-block-heading\">Nepal eleva a 1.344 los muertos<\/h2>\n\n\n\n<p class=\"wp-block-paragraph\">Mientras, \u00e9l n\u00famero de muertos por las devastadoras riadas a 1.344 y el de desaparecidos se sit\u00faa en 4.886 mientras contin\u00faan las operaciones de b\u00fasqueda y rescate en las zonas afectadas, seg\u00fan el \u00faltimo balance de las autoridades publicado este s\u00e1bado.<\/p>\n\n\n\n<p class=\"wp-block-paragraph\">El reciente informe de la Polic\u00eda de Nepal elev\u00f3 la cifra de fallecidos, mientras que el n\u00famero de personas cuyo paradero se desconoce baj\u00f3 ligeramente a 4.886.<\/p>\n\n\n\n<p class=\"wp-block-paragraph\">Entre los desaparecidos figuran al menos 606 ciudadanos extranjeros, incluidos dos espa\u00f1oles, seg\u00fan confirmaron a EFE fuentes oficiales.<\/p>\n\n\n\n<h2 class=\"wp-block-heading\">Labores de rescate<\/h2>\n\n\n\n<p class=\"wp-block-paragraph\">Las operaciones, que mantienen a casi 8.000 agentes desplegados, han permitido auxiliar hasta el momento a 8.962 personas.<\/p>\n\n\n\n<p class=\"wp-block-paragraph\">Las labores prosiguen con la esperanza de encontrar m\u00e1s supervivientes en la zona cero, tras el rescate este viernes de dos trabajadores que pasaron diez d\u00edas atrapados en un t\u00fanel de la central hidroel\u00e9ctrica Trishuli 3A.<\/p>\n\n\n\n<p class=\"wp-block-paragraph\">Fuente: EFE<\/p>\n","protected":false},"excerpt":{"rendered":"<p>Katmand\u00fa (EFE).- Un ciudadano chino atrapado en el t\u00fanel de una hidroel\u00e9ctrica y una mujer de 64 a\u00f1os sepultada por el lodo en una vivienda fueron rescatados este s\u00e1bado con&#8230;<\/p>\n","protected":false},"author":18,"featured_media":147642,"comment_status":"closed","ping_status":"closed","sticky":false,"template":"","format":"standard","meta":{"_jetpack_newsletter_access":"","_jetpack_dont_email_post_to_subs":false,"_jetpack_newsletter_tier_id":0,"_jetpack_memberships_contains_paywalled_content":false,"_jetpack_memberships_contains_paid_content":false,"footnotes":""},"categories":[9],"tags":[264,6714],"class_list":["post-147641","post","type-post","status-publish","format-standard","has-post-thumbnail","hentry","category-internacional","tag-internacional","tag-nepal"],"a3_pvc":{"activated":true,"total_views":13,"today_views":1},"jetpack_featured_media_url":"https:\/\/elatlantico.do\/wp-content\/uploads\/2026\/09\/nepal-6.webp","jetpack_sharing_enabled":true,"_links":{"self":[{"href":"https:\/\/elatlantico.do\/index.php\/wp-json\/wp\/v2\/posts\/147641","targetHints":{"allow":["GET"]}}],"collection":[{"href":"https:\/\/elatlantico.do\/index.php\/wp-json\/wp\/v2\/posts"}],"about":[{"href":"https:\/\/elatlantico.do\/index.php\/wp-json\/wp\/v2\/types\/post"}],"author":[{"embeddable":true,"href":"https:\/\/elatlantico.do\/index.php\/wp-json\/wp\/v2\/users\/18"}],"replies":[{"embeddable":true,"href":"https:\/\/elatlantico.do\/index.php\/wp-json\/wp\/v2\/comments?post=147641"}],"version-history":[{"count":1,"href":"https:\/\/elatlantico.do\/index.php\/wp-json\/wp\/v2\/posts\/147641\/revisions"}],"predecessor-version":[{"id":147646,"href":"https:\/\/elatlantico.do\/index.php\/wp-json\/wp\/v2\/posts\/147641\/revisions\/147646"}],"wp:featuredmedia":[{"embeddable":true,"href":"https:\/\/elatlantico.do\/index.php\/wp-json\/wp\/v2\/media\/147642"}],"wp:attachment":[{"href":"https:\/\/elatlantico.do\/index.php\/wp-json\/wp\/v2\/media?parent=147641"}],"wp:term":[{"taxonomy":"category","embeddable":true,"href":"https:\/\/elatlantico.do\/index.php\/wp-json\/wp\/v2\/categories?post=147641"},{"taxonomy":"post_tag","embeddable":true,"href":"https:\/\/elatlantico.do\/index.php\/wp-json\/wp\/v2\/tags?post=147641"}],"curies":[{"name":"wp","href":"https:\/\/api.w.org\/{rel}","templated":true}]}}