{"id":147629,"date":"2026-09-05T08:49:30","date_gmt":"2026-09-05T12:49:30","guid":{"rendered":"https:\/\/elatlantico.do\/?p=147629"},"modified":"2026-09-05T08:49:31","modified_gmt":"2026-09-05T12:49:31","slug":"hombre-muere-electrocutado-en-la-comunidad-el-copey-del-municipio-altamira","status":"publish","type":"post","link":"https:\/\/elatlantico.do\/index.php\/2026\/09\/05\/hombre-muere-electrocutado-en-la-comunidad-el-copey-del-municipio-altamira\/","title":{"rendered":"Hombre muere electrocutado en la comunidad El Copey del municipio Altamira"},"content":{"rendered":"<div class=\"pvc_clear\"><\/div><p id=\"pvc_stats_147629\" class=\"pvc_stats all  \" data-element-id=\"147629\" style=\"\"><i class=\"pvc-stats-icon medium\" aria-hidden=\"true\"><svg aria-hidden=\"true\" focusable=\"false\" data-prefix=\"far\" data-icon=\"chart-bar\" role=\"img\" xmlns=\"http:\/\/www.w3.org\/2000\/svg\" viewBox=\"0 0 512 512\" class=\"svg-inline--fa fa-chart-bar fa-w-16 fa-2x\"><path fill=\"currentColor\" d=\"M396.8 352h22.4c6.4 0 12.8-6.4 12.8-12.8V108.8c0-6.4-6.4-12.8-12.8-12.8h-22.4c-6.4 0-12.8 6.4-12.8 12.8v230.4c0 6.4 6.4 12.8 12.8 12.8zm-192 0h22.4c6.4 0 12.8-6.4 12.8-12.8V140.8c0-6.4-6.4-12.8-12.8-12.8h-22.4c-6.4 0-12.8 6.4-12.8 12.8v198.4c0 6.4 6.4 12.8 12.8 12.8zm96 0h22.4c6.4 0 12.8-6.4 12.8-12.8V204.8c0-6.4-6.4-12.8-12.8-12.8h-22.4c-6.4 0-12.8 6.4-12.8 12.8v134.4c0 6.4 6.4 12.8 12.8 12.8zM496 400H48V80c0-8.84-7.16-16-16-16H16C7.16 64 0 71.16 0 80v336c0 17.67 14.33 32 32 32h464c8.84 0 16-7.16 16-16v-16c0-8.84-7.16-16-16-16zm-387.2-48h22.4c6.4 0 12.8-6.4 12.8-12.8v-70.4c0-6.4-6.4-12.8-12.8-12.8h-22.4c-6.4 0-12.8 6.4-12.8 12.8v70.4c0 6.4 6.4 12.8 12.8 12.8z\" class=\"\"><\/path><\/svg><\/i> <img loading=\"lazy\" decoding=\"async\" width=\"16\" height=\"16\" alt=\"Loading\" src=\"https:\/\/elatlantico.do\/wp-content\/plugins\/page-views-count\/ajax-loader-2x.gif\" border=0 \/><\/p><div class=\"pvc_clear\"><\/div><!-- VideographyWP Plugin Message: Automatic video embedding prevented by plugin options. -->\n\n<p class=\"wp-block-paragraph\">PUERTO PLATA.-Un hombre muri\u00f3 el viernes tras recibir una descarga el\u00e9ctrica en una granja ubicada en la comunidad El Copey, municipio Altamira. La v\u00edctima fude identificada como Eduardo Rafael Mart\u00ednez Hiraldo, de 32 a\u00f1os, conocido como El Gordo.<\/p>\n\n\n\n<p class=\"wp-block-paragraph\">El comunicador Cosme Ulloa inform\u00f3 que su deceso se produjo cuando Mart\u00ednez Hiraldo realizaba labores en el referido establecimiento comercial.<\/p>\n\n\n\n<p class=\"wp-block-paragraph\">La noticia sobre el fallecimiento de \u201cEl Gordo\u201d ha causado gran conmoci\u00f3n entre familiares, amigos y residentes del municipio de Altamira, quienes lo describieron como un joven alegre, trabajador y de buen convivir, muy conocido y apreciado en la sociedad altamire\u00f1a<\/p>\n","protected":false},"excerpt":{"rendered":"<p>PUERTO PLATA.-Un hombre muri\u00f3 el viernes tras recibir una descarga el\u00e9ctrica en una granja ubicada en la comunidad El Copey, municipio Altamira. La v\u00edctima fude identificada como Eduardo Rafael Mart\u00ednez&#8230;<\/p>\n","protected":false},"author":4,"featured_media":147630,"comment_status":"closed","ping_status":"closed","sticky":false,"template":"","format":"standard","meta":{"_jetpack_newsletter_access":"","_jetpack_dont_email_post_to_subs":false,"_jetpack_newsletter_tier_id":0,"_jetpack_memberships_contains_paywalled_content":false,"_jetpack_memberships_contains_paid_content":false,"footnotes":""},"categories":[1],"tags":[322,123],"class_list":["post-147629","post","type-post","status-publish","format-standard","has-post-thumbnail","hentry","category-puerto-plata","tag-altamira","tag-sucesos"],"a3_pvc":{"activated":true,"total_views":28,"today_views":1},"jetpack_featured_media_url":"https:\/\/elatlantico.do\/wp-content\/uploads\/2026\/09\/797401596_28300596566240386_996784208438206404_n.jpg","jetpack_sharing_enabled":true,"_links":{"self":[{"href":"https:\/\/elatlantico.do\/index.php\/wp-json\/wp\/v2\/posts\/147629","targetHints":{"allow":["GET"]}}],"collection":[{"href":"https:\/\/elatlantico.do\/index.php\/wp-json\/wp\/v2\/posts"}],"about":[{"href":"https:\/\/elatlantico.do\/index.php\/wp-json\/wp\/v2\/types\/post"}],"author":[{"embeddable":true,"href":"https:\/\/elatlantico.do\/index.php\/wp-json\/wp\/v2\/users\/4"}],"replies":[{"embeddable":true,"href":"https:\/\/elatlantico.do\/index.php\/wp-json\/wp\/v2\/comments?post=147629"}],"version-history":[{"count":1,"href":"https:\/\/elatlantico.do\/index.php\/wp-json\/wp\/v2\/posts\/147629\/revisions"}],"predecessor-version":[{"id":147634,"href":"https:\/\/elatlantico.do\/index.php\/wp-json\/wp\/v2\/posts\/147629\/revisions\/147634"}],"wp:featuredmedia":[{"embeddable":true,"href":"https:\/\/elatlantico.do\/index.php\/wp-json\/wp\/v2\/media\/147630"}],"wp:attachment":[{"href":"https:\/\/elatlantico.do\/index.php\/wp-json\/wp\/v2\/media?parent=147629"}],"wp:term":[{"taxonomy":"category","embeddable":true,"href":"https:\/\/elatlantico.do\/index.php\/wp-json\/wp\/v2\/categories?post=147629"},{"taxonomy":"post_tag","embeddable":true,"href":"https:\/\/elatlantico.do\/index.php\/wp-json\/wp\/v2\/tags?post=147629"}],"curies":[{"name":"wp","href":"https:\/\/api.w.org\/{rel}","templated":true}]}}