{"id":147624,"date":"2026-09-05T08:39:51","date_gmt":"2026-09-05T12:39:51","guid":{"rendered":"https:\/\/elatlantico.do\/?p=147624"},"modified":"2026-09-05T08:39:53","modified_gmt":"2026-09-05T12:39:53","slug":"indomet-pronostica-ambiente-mayormente-despejado-y-escasas-lluvias-este-sabado-y-mucho-calor","status":"publish","type":"post","link":"https:\/\/elatlantico.do\/index.php\/2026\/09\/05\/indomet-pronostica-ambiente-mayormente-despejado-y-escasas-lluvias-este-sabado-y-mucho-calor\/","title":{"rendered":"Indomet pronostica ambiente mayormente despejado y escasas lluvias este s\u00e1bado y mucho calor"},"content":{"rendered":"<div class=\"pvc_clear\"><\/div><p id=\"pvc_stats_147624\" class=\"pvc_stats all  \" data-element-id=\"147624\" style=\"\"><i class=\"pvc-stats-icon medium\" aria-hidden=\"true\"><svg aria-hidden=\"true\" focusable=\"false\" data-prefix=\"far\" data-icon=\"chart-bar\" role=\"img\" xmlns=\"http:\/\/www.w3.org\/2000\/svg\" viewBox=\"0 0 512 512\" class=\"svg-inline--fa fa-chart-bar fa-w-16 fa-2x\"><path fill=\"currentColor\" d=\"M396.8 352h22.4c6.4 0 12.8-6.4 12.8-12.8V108.8c0-6.4-6.4-12.8-12.8-12.8h-22.4c-6.4 0-12.8 6.4-12.8 12.8v230.4c0 6.4 6.4 12.8 12.8 12.8zm-192 0h22.4c6.4 0 12.8-6.4 12.8-12.8V140.8c0-6.4-6.4-12.8-12.8-12.8h-22.4c-6.4 0-12.8 6.4-12.8 12.8v198.4c0 6.4 6.4 12.8 12.8 12.8zm96 0h22.4c6.4 0 12.8-6.4 12.8-12.8V204.8c0-6.4-6.4-12.8-12.8-12.8h-22.4c-6.4 0-12.8 6.4-12.8 12.8v134.4c0 6.4 6.4 12.8 12.8 12.8zM496 400H48V80c0-8.84-7.16-16-16-16H16C7.16 64 0 71.16 0 80v336c0 17.67 14.33 32 32 32h464c8.84 0 16-7.16 16-16v-16c0-8.84-7.16-16-16-16zm-387.2-48h22.4c6.4 0 12.8-6.4 12.8-12.8v-70.4c0-6.4-6.4-12.8-12.8-12.8h-22.4c-6.4 0-12.8 6.4-12.8 12.8v70.4c0 6.4 6.4 12.8 12.8 12.8z\" class=\"\"><\/path><\/svg><\/i> <img loading=\"lazy\" decoding=\"async\" width=\"16\" height=\"16\" alt=\"Loading\" src=\"https:\/\/elatlantico.do\/wp-content\/plugins\/page-views-count\/ajax-loader-2x.gif\" border=0 \/><\/p><div class=\"pvc_clear\"><\/div><!-- VideographyWP Plugin Message: Automatic video embedding prevented by plugin options. -->\n\n<p class=\"wp-block-paragraph\">Santo Domingo. \u2013 El Instituto Dominicano de Meteorolog\u00eda (Indomet) inform\u00f3 que este s\u00e1bado predominar\u00e1 un ambiente mayormente despejado y de pocas lluvias casi a nivel nacional, debido al bajo contenido de humedad y a la presencia de ligeras part\u00edculas de polvo sahariano, factores que limitar\u00e1n la formaci\u00f3n de nubes capaces de producir precipitaciones significativas.<\/p>\n\n\n\n<p class=\"wp-block-paragraph\">No obstante, durante la tarde y hasta las primeras horas de la noche, la combinaci\u00f3n del viento con una vaguada en los niveles altos de la troposfera favorecer\u00e1 la ocurrencia de chubascos locales y tronadas aisladas en localidades de las provincias La Altagracia, Hato Mayor, Monse\u00f1or Nouel, San Juan, Azua, Santiago Rodr\u00edguez y Dajab\u00f3n.<\/p>\n\n\n\n<p class=\"wp-block-paragraph\">En cuanto a las temperaturas, el organismo indic\u00f3 que continuar\u00e1n calurosas en gran parte del pa\u00eds, con una sensaci\u00f3n t\u00e9rmica sofocante.<\/p>\n\n\n\n<p class=\"wp-block-paragraph\">Ante estas condiciones, el Indomet recomienda a la poblaci\u00f3n ingerir suficiente agua, utilizar ropa ligera, holgada y de colores claros, evitar la exposici\u00f3n directa a la radiaci\u00f3n solar sin la debida protecci\u00f3n y procurar permanecer en lugares frescos y ventilados.<\/p>\n\n\n\n<p class=\"wp-block-paragraph\">Asimismo, recuerda que los ni\u00f1os, adultos mayores y mujeres embarazadas son m\u00e1s vulnerables a los efectos de las altas temperaturas.<\/p>\n\n\n\n<p class=\"wp-block-paragraph\">El Indomet exhorta a la poblaci\u00f3n a mantenerse atenta a las informaciones meteorol\u00f3gicas a trav\u00e9s de su portal web www.indomet.gob.do y sus redes sociales @indometrd.<\/p>\n","protected":false},"excerpt":{"rendered":"<p>Santo Domingo. \u2013 El Instituto Dominicano de Meteorolog\u00eda (Indomet) inform\u00f3 que este s\u00e1bado predominar\u00e1 un ambiente mayormente despejado y de pocas lluvias casi a nivel nacional, debido al bajo contenido&#8230;<\/p>\n","protected":false},"author":4,"featured_media":16796,"comment_status":"closed","ping_status":"closed","sticky":false,"template":"","format":"standard","meta":{"_jetpack_newsletter_access":"","_jetpack_dont_email_post_to_subs":false,"_jetpack_newsletter_tier_id":0,"_jetpack_memberships_contains_paywalled_content":false,"_jetpack_memberships_contains_paid_content":false,"footnotes":""},"categories":[4091],"tags":[632,4647],"class_list":["post-147624","post","type-post","status-publish","format-standard","has-post-thumbnail","hentry","category-nacionales","tag-clima","tag-indomet"],"a3_pvc":{"activated":true,"total_views":15,"today_views":1},"jetpack_featured_media_url":"https:\/\/elatlantico.do\/wp-content\/uploads\/2020\/05\/Rayos-solares.jpg","jetpack_sharing_enabled":true,"_links":{"self":[{"href":"https:\/\/elatlantico.do\/index.php\/wp-json\/wp\/v2\/posts\/147624","targetHints":{"allow":["GET"]}}],"collection":[{"href":"https:\/\/elatlantico.do\/index.php\/wp-json\/wp\/v2\/posts"}],"about":[{"href":"https:\/\/elatlantico.do\/index.php\/wp-json\/wp\/v2\/types\/post"}],"author":[{"embeddable":true,"href":"https:\/\/elatlantico.do\/index.php\/wp-json\/wp\/v2\/users\/4"}],"replies":[{"embeddable":true,"href":"https:\/\/elatlantico.do\/index.php\/wp-json\/wp\/v2\/comments?post=147624"}],"version-history":[{"count":1,"href":"https:\/\/elatlantico.do\/index.php\/wp-json\/wp\/v2\/posts\/147624\/revisions"}],"predecessor-version":[{"id":147628,"href":"https:\/\/elatlantico.do\/index.php\/wp-json\/wp\/v2\/posts\/147624\/revisions\/147628"}],"wp:featuredmedia":[{"embeddable":true,"href":"https:\/\/elatlantico.do\/index.php\/wp-json\/wp\/v2\/media\/16796"}],"wp:attachment":[{"href":"https:\/\/elatlantico.do\/index.php\/wp-json\/wp\/v2\/media?parent=147624"}],"wp:term":[{"taxonomy":"category","embeddable":true,"href":"https:\/\/elatlantico.do\/index.php\/wp-json\/wp\/v2\/categories?post=147624"},{"taxonomy":"post_tag","embeddable":true,"href":"https:\/\/elatlantico.do\/index.php\/wp-json\/wp\/v2\/tags?post=147624"}],"curies":[{"name":"wp","href":"https:\/\/api.w.org\/{rel}","templated":true}]}}