{"id":147607,"date":"2026-09-04T21:30:14","date_gmt":"2026-09-05T01:30:14","guid":{"rendered":"https:\/\/elatlantico.do\/?p=147607"},"modified":"2026-09-04T21:30:16","modified_gmt":"2026-09-05T01:30:16","slug":"ingeniero-guillemo-perez-consita-reprobacion-de-deportistas-de-puerto-plata-por-mal-manejo-del-estadio-jose-briceno","status":"publish","type":"post","link":"https:\/\/elatlantico.do\/index.php\/2026\/09\/04\/ingeniero-guillemo-perez-consita-reprobacion-de-deportistas-de-puerto-plata-por-mal-manejo-del-estadio-jose-briceno\/","title":{"rendered":"Ingeniero Guillemo P\u00e9rez consita reprobaci\u00f3n de deportistas de Puerto Plata por mal manejo del estadio Jos\u00e9 Brice\u00f1o"},"content":{"rendered":"<div class=\"pvc_clear\"><\/div><p id=\"pvc_stats_147607\" class=\"pvc_stats all  \" data-element-id=\"147607\" style=\"\"><i class=\"pvc-stats-icon medium\" aria-hidden=\"true\"><svg aria-hidden=\"true\" focusable=\"false\" data-prefix=\"far\" data-icon=\"chart-bar\" role=\"img\" xmlns=\"http:\/\/www.w3.org\/2000\/svg\" viewBox=\"0 0 512 512\" class=\"svg-inline--fa fa-chart-bar fa-w-16 fa-2x\"><path fill=\"currentColor\" d=\"M396.8 352h22.4c6.4 0 12.8-6.4 12.8-12.8V108.8c0-6.4-6.4-12.8-12.8-12.8h-22.4c-6.4 0-12.8 6.4-12.8 12.8v230.4c0 6.4 6.4 12.8 12.8 12.8zm-192 0h22.4c6.4 0 12.8-6.4 12.8-12.8V140.8c0-6.4-6.4-12.8-12.8-12.8h-22.4c-6.4 0-12.8 6.4-12.8 12.8v198.4c0 6.4 6.4 12.8 12.8 12.8zm96 0h22.4c6.4 0 12.8-6.4 12.8-12.8V204.8c0-6.4-6.4-12.8-12.8-12.8h-22.4c-6.4 0-12.8 6.4-12.8 12.8v134.4c0 6.4 6.4 12.8 12.8 12.8zM496 400H48V80c0-8.84-7.16-16-16-16H16C7.16 64 0 71.16 0 80v336c0 17.67 14.33 32 32 32h464c8.84 0 16-7.16 16-16v-16c0-8.84-7.16-16-16-16zm-387.2-48h22.4c6.4 0 12.8-6.4 12.8-12.8v-70.4c0-6.4-6.4-12.8-12.8-12.8h-22.4c-6.4 0-12.8 6.4-12.8 12.8v70.4c0 6.4 6.4 12.8 12.8 12.8z\" class=\"\"><\/path><\/svg><\/i> <img loading=\"lazy\" decoding=\"async\" width=\"16\" height=\"16\" alt=\"Loading\" src=\"https:\/\/elatlantico.do\/wp-content\/plugins\/page-views-count\/ajax-loader-2x.gif\" border=0 \/><\/p><div class=\"pvc_clear\"><\/div><!-- VideographyWP Plugin Message: Automatic video embedding prevented by plugin options. -->\n\n<p class=\"wp-block-paragraph\">PUERTO PLATA.-Decenas de dirigentes de organizaciones deportivas y deportistas marcharon la tarde de este viernes pidiendo la destituci\u00f3n del Comit\u00e9 de Administraci\u00f3n y Cuidado del estadio Jos\u00e9 Brice\u00f1o, presidido por el ingeniero Juan Guillermo P\u00e9rez Bonnelly, a quien acusan de tener secuestrada esa instalaci\u00f3n deportiva.<\/p>\n\n\n\n<p class=\"wp-block-paragraph\">Los convocados se reunieron en la intersecci\u00f3n de la avenida Manolo Tav\u00e1rez con Jos\u00e9 Eugenio Kunhardt, en las proximidades del hospital provincial Ricardo Limardo, desde donde salieron con pancartas en manos y lanzando consignas, entre ellas: \u201cFuera el patronato\u201d, as\u00ed como repudiando el manejo que ha tenido P\u00e9rez Bonnelly con la instalaci\u00f3n.<\/p>\n\n\n\n<p class=\"wp-block-paragraph\">En una comunicaci\u00f3n dirigida al presidente de la Rep\u00fablica, Luis Abinader, y a los ministros de la Presidencia, Jos\u00e9 Ignacio Paliza y de Deportes, Kelvin Cruz, los deportistas pidieron al jefe de Estado revisar el decreto 395-24 que designa dicho el comit\u00e9 de administraci\u00f3n del estadio Jos\u00e9 Brice\u00f1o.<\/p>\n\n\n\n<p class=\"wp-block-paragraph\">Consideran que esa instalaci\u00f3n deportiva \u2014remodelada por el gobierno actual con una inversi\u00f3n superior a los RD$250 millones\u2014 no puede seguir cerrada, negando a miles de j\u00f3venes, ni\u00f1os y a las ligas aprovechar ese espacio para la pr\u00e1ctica de b\u00e9isbol.<\/p>\n\n\n\n<p class=\"wp-block-paragraph\">Roberto Mierd, presidente del complejo deportivo proyecto Monte Mar, explic\u00f3 que la protesta que se realiz\u00f3 de manera pac\u00edfica no va dirigida de manera personal contra nadie, sino en defensa de la unidad del deporte en la provincia Puerto Plata, as\u00ed como del derecho de los ni\u00f1os y j\u00f3venes a usar esa instalaci\u00f3n.<\/p>\n\n\n\n<p class=\"wp-block-paragraph\">Art\u00edculo relacionado:<a href=\"https:\/\/elatlantico.do\/index.php\/2026\/08\/05\/consejo-directivo-de-atleticos-de-puerto-plata-acusa-al-ingeniero-guillermo-perez-de-secuestrar-estadio-jose-briceno\/\"> Consejo directivo de Atl\u00e9ticos de Puerto Plata acusa al ingeniero Guillermo P\u00e9rez de secuestrar estadio Jos\u00e9 Brice\u00f1o<\/a><\/p>\n\n\n\n<p class=\"wp-block-paragraph\">Los dirigentes deportistas advirtieron que, si en los pr\u00f3ximos d\u00edas no tienen respuesta por parte de las autoridades, realizar\u00e1n una concentraci\u00f3n masiva con miles de ni\u00f1os, j\u00f3venes y dirigentes deportistas de toda la provincia.<\/p>\n\n\n\n<p class=\"wp-block-paragraph\">Se recuerda que, el pasado 5 de agosto el consejo directivo de los Atl\u00e9ticos de Puerto Plata acus\u00f3 al ingeniero Guillermo P\u00e9rez de tener secuestrado el estadio Jos\u00e9 Brice\u00f1o, ya que supuestamente impide el acceso a varias \u00e1reas, adem\u00e1s de exigirle una explicaci\u00f3n del destino de RD$6.8 millones de pesos que gener\u00f3 el equipo en el torneo del pasado a\u00f1o.<\/p>\n\n\n\n<p class=\"wp-block-paragraph\">Pese a estos se\u00f1alamientos, el ingeniero P\u00e9rez no respondido ha respondido ante la opini\u00f3n p\u00fablica, pero tampoco ninguno de los miembros del Comit\u00e9 de Administraci\u00f3n y Cuidado del estadio Jos\u00e9 Brice\u00f1o.<\/p>\n\n\n\n<p class=\"wp-block-paragraph\">Adem\u00e1s de P\u00e9rez Bonnelly, designado como miembro y presidente, honor\u00edfico de dicho, el comit\u00e9 est\u00e1 conformado tambi\u00e9n por Jos\u00e9 Natalio Redondo Gal\u00e1n, Sixto Peralta Dom\u00ednguez, Andr\u00e9s Rafael Marranzini Grull\u00f3n, Julio C\u00e9sar Corniel Amaro, Luis Rafael L\u00f3pez Ferreira, todos designados como miembros honor\u00edficos.<\/p>\n\n\n\n<figure class=\"wp-block-embed is-type-wp-embed is-provider-el-atlantico wp-block-embed-el-atlantico\"><div class=\"wp-block-embed__wrapper\">\n<blockquote class=\"wp-embedded-content\" data-secret=\"oIiSLhCLj6\"><a href=\"https:\/\/elatlantico.do\/index.php\/2024\/10\/12\/presidente-abinader-entrega-de-remozado-estadio-jose-briceno-de-puerto-plata-luego-de-decadas-de-abandono\/\">Presidente Abinader entrega de remozado Estadio Jos\u00e9 Brice\u00f1o de Puerto Plata luego de d\u00e9cadas de abandono<\/a><\/blockquote><iframe loading=\"lazy\" class=\"wp-embedded-content\" sandbox=\"allow-scripts\" security=\"restricted\" style=\"position: absolute; visibility: hidden;\" title=\"\u00abPresidente Abinader entrega de remozado Estadio Jos\u00e9 Brice\u00f1o de Puerto Plata luego de d\u00e9cadas de abandono\u00bb \u2014 El Atlantico\" src=\"https:\/\/elatlantico.do\/index.php\/2024\/10\/12\/presidente-abinader-entrega-de-remozado-estadio-jose-briceno-de-puerto-plata-luego-de-decadas-de-abandono\/embed\/#?secret=7xCN8FDNcj#?secret=oIiSLhCLj6\" data-secret=\"oIiSLhCLj6\" width=\"500\" height=\"282\" frameborder=\"0\" marginwidth=\"0\" marginheight=\"0\" scrolling=\"no\"><\/iframe>\n<\/div><\/figure>\n","protected":false},"excerpt":{"rendered":"<p>PUERTO PLATA.-Decenas de dirigentes de organizaciones deportivas y deportistas marcharon la tarde de este viernes pidiendo la destituci\u00f3n del Comit\u00e9 de Administraci\u00f3n y Cuidado del estadio Jos\u00e9 Brice\u00f1o, presidido por&#8230;<\/p>\n","protected":false},"author":3,"featured_media":69815,"comment_status":"closed","ping_status":"closed","sticky":false,"template":"","format":"standard","meta":{"_jetpack_newsletter_access":"","_jetpack_dont_email_post_to_subs":false,"_jetpack_newsletter_tier_id":0,"_jetpack_memberships_contains_paywalled_content":false,"_jetpack_memberships_contains_paid_content":false,"footnotes":""},"categories":[7,1],"tags":[49,6730,1725],"class_list":["post-147607","post","type-post","status-publish","format-standard","has-post-thumbnail","hentry","category-deportes","category-puerto-plata","tag-deportes","tag-deportistas","tag-estadio-jose-briceno","has-post-video"],"a3_pvc":{"activated":true,"total_views":52,"today_views":0},"jetpack_featured_media_url":"https:\/\/elatlantico.do\/wp-content\/uploads\/2023\/08\/placeholder.png","jetpack_sharing_enabled":true,"_links":{"self":[{"href":"https:\/\/elatlantico.do\/index.php\/wp-json\/wp\/v2\/posts\/147607","targetHints":{"allow":["GET"]}}],"collection":[{"href":"https:\/\/elatlantico.do\/index.php\/wp-json\/wp\/v2\/posts"}],"about":[{"href":"https:\/\/elatlantico.do\/index.php\/wp-json\/wp\/v2\/types\/post"}],"author":[{"embeddable":true,"href":"https:\/\/elatlantico.do\/index.php\/wp-json\/wp\/v2\/users\/3"}],"replies":[{"embeddable":true,"href":"https:\/\/elatlantico.do\/index.php\/wp-json\/wp\/v2\/comments?post=147607"}],"version-history":[{"count":1,"href":"https:\/\/elatlantico.do\/index.php\/wp-json\/wp\/v2\/posts\/147607\/revisions"}],"predecessor-version":[{"id":147612,"href":"https:\/\/elatlantico.do\/index.php\/wp-json\/wp\/v2\/posts\/147607\/revisions\/147612"}],"wp:featuredmedia":[{"embeddable":true,"href":"https:\/\/elatlantico.do\/index.php\/wp-json\/wp\/v2\/media\/69815"}],"wp:attachment":[{"href":"https:\/\/elatlantico.do\/index.php\/wp-json\/wp\/v2\/media?parent=147607"}],"wp:term":[{"taxonomy":"category","embeddable":true,"href":"https:\/\/elatlantico.do\/index.php\/wp-json\/wp\/v2\/categories?post=147607"},{"taxonomy":"post_tag","embeddable":true,"href":"https:\/\/elatlantico.do\/index.php\/wp-json\/wp\/v2\/tags?post=147607"}],"curies":[{"name":"wp","href":"https:\/\/api.w.org\/{rel}","templated":true}]}}