{"id":147553,"date":"2026-09-04T15:36:28","date_gmt":"2026-09-04T19:36:28","guid":{"rendered":"https:\/\/elatlantico.do\/?p=147553"},"modified":"2026-09-04T15:36:30","modified_gmt":"2026-09-04T19:36:30","slug":"la-exsecretaria-de-trabajo-de-trump-bebia-en-el-trabajo-y-malverso-fondos-segun-un-informe-de-dicho-departamento","status":"publish","type":"post","link":"https:\/\/elatlantico.do\/index.php\/2026\/09\/04\/la-exsecretaria-de-trabajo-de-trump-bebia-en-el-trabajo-y-malverso-fondos-segun-un-informe-de-dicho-departamento\/","title":{"rendered":"La exsecretaria de Trabajo de Trump beb\u00eda en el trabajo y malvers\u00f3 fondos, seg\u00fan un informe de dicho Departamento"},"content":{"rendered":"<div class=\"pvc_clear\"><\/div><p id=\"pvc_stats_147553\" class=\"pvc_stats all  \" data-element-id=\"147553\" style=\"\"><i class=\"pvc-stats-icon medium\" aria-hidden=\"true\"><svg aria-hidden=\"true\" focusable=\"false\" data-prefix=\"far\" data-icon=\"chart-bar\" role=\"img\" xmlns=\"http:\/\/www.w3.org\/2000\/svg\" viewBox=\"0 0 512 512\" class=\"svg-inline--fa fa-chart-bar fa-w-16 fa-2x\"><path fill=\"currentColor\" d=\"M396.8 352h22.4c6.4 0 12.8-6.4 12.8-12.8V108.8c0-6.4-6.4-12.8-12.8-12.8h-22.4c-6.4 0-12.8 6.4-12.8 12.8v230.4c0 6.4 6.4 12.8 12.8 12.8zm-192 0h22.4c6.4 0 12.8-6.4 12.8-12.8V140.8c0-6.4-6.4-12.8-12.8-12.8h-22.4c-6.4 0-12.8 6.4-12.8 12.8v198.4c0 6.4 6.4 12.8 12.8 12.8zm96 0h22.4c6.4 0 12.8-6.4 12.8-12.8V204.8c0-6.4-6.4-12.8-12.8-12.8h-22.4c-6.4 0-12.8 6.4-12.8 12.8v134.4c0 6.4 6.4 12.8 12.8 12.8zM496 400H48V80c0-8.84-7.16-16-16-16H16C7.16 64 0 71.16 0 80v336c0 17.67 14.33 32 32 32h464c8.84 0 16-7.16 16-16v-16c0-8.84-7.16-16-16-16zm-387.2-48h22.4c6.4 0 12.8-6.4 12.8-12.8v-70.4c0-6.4-6.4-12.8-12.8-12.8h-22.4c-6.4 0-12.8 6.4-12.8 12.8v70.4c0 6.4 6.4 12.8 12.8 12.8z\" class=\"\"><\/path><\/svg><\/i> <img loading=\"lazy\" decoding=\"async\" width=\"16\" height=\"16\" alt=\"Loading\" src=\"https:\/\/elatlantico.do\/wp-content\/plugins\/page-views-count\/ajax-loader-2x.gif\" border=0 \/><\/p><div class=\"pvc_clear\"><\/div><!-- VideographyWP Plugin Message: Automatic video embedding prevented by plugin options. -->\n\n<p class=\"wp-block-paragraph\">Washington (EFE).- Una investigaci\u00f3n interna del Departamento de Trabajo de Estados Unidos revel\u00f3 que la exsecretaria Lori Chavez-DeRemer, cesada por el presidente Donald Trump el pasado abril, beb\u00eda alcohol en su oficina, malvers\u00f3 fondos p\u00fablicos y ordenaba a miembros de su personal realizar tareas personales en su nombre.<\/p>\n\n\n\n<p class=\"wp-block-paragraph\">El informe, divulgado este viernes por medios como la cadena CNN y el diario The Washington Post, se\u00f1ala tambi\u00e9n que Chavez-DeRemer acept\u00f3 regalos costosos sin notificarlos debidamente, pag\u00f3 viajes personales con dinero p\u00fablico y mantuvo una relaci\u00f3n inapropiada con un supervisor de su equipo de seguridad.<\/p>\n\n\n\n<p class=\"wp-block-paragraph\">Chavez-DeRemer, quien fue la \u00fanica hispana en el gabinete de Trump, asumi\u00f3 el cargo al inicio del segundo mandato del republicano y lo abandon\u00f3 el pasado 20 de abril, tras poco m\u00e1s de un a\u00f1o en el puesto, en medio de una investigaci\u00f3n de la Oficina del Inspector General del Departamento de Trabajo a ra\u00edz de una denuncia interna.<\/p>\n\n\n\n<h2 class=\"wp-block-heading\">Los hallazgos sobre el comportamiento de Chavez-DeRemer<\/h2>\n\n\n\n<p class=\"wp-block-paragraph\">La investigaci\u00f3n concluye que la secretaria impuso un ambiente de trabajo \u00abt\u00f3xico, intimidante y humillante\u00bb en el Departamento de Trabajo y encontr\u00f3 un \u00abpatr\u00f3n recurrente\u00bb de viajes privados que eran presentados como parte de su agenda oficial.<\/p>\n\n\n\n<p class=\"wp-block-paragraph\">En uno de los casos citados por el informe, Chavez-DeRemer orden\u00f3 a una asistente utilizar un veh\u00edculo oficial para desplazarse hasta su casa y \u00abtender la ropa, limpiar y organizar sus vestidos, zapatos y bolsos\u00bb.<\/p>\n\n\n\n<p class=\"wp-block-paragraph\">El informe se\u00f1ala asimismo que beb\u00eda con frecuencia durante la jornada laboral y que ordenaba a miembros de su personal comprarle alcohol.<\/p>\n\n\n\n<p class=\"wp-block-paragraph\">Su esposo, Shawn DeRemer, tambi\u00e9n enfrent\u00f3 acusaciones de agresi\u00f3n sexual y, seg\u00fan The New York Times, se le prohibi\u00f3 el acceso a la sede de la agencia, aunque la investigaci\u00f3n penal en su contra fue archivada.<\/p>\n\n\n\n<p class=\"wp-block-paragraph\">Tras la salida de Chavez-DeRemer del Departamento de Trabajo, Keith Sonderling fue nombrado secretario interino.<\/p>\n\n\n\n<p class=\"wp-block-paragraph\">Fuente: EFE<\/p>\n","protected":false},"excerpt":{"rendered":"<p>Washington (EFE).- Una investigaci\u00f3n interna del Departamento de Trabajo de Estados Unidos revel\u00f3 que la exsecretaria Lori Chavez-DeRemer, cesada por el presidente Donald Trump el pasado abril, beb\u00eda alcohol en&#8230;<\/p>\n","protected":false},"author":18,"featured_media":147554,"comment_status":"closed","ping_status":"closed","sticky":false,"template":"","format":"standard","meta":{"_jetpack_newsletter_access":"","_jetpack_dont_email_post_to_subs":false,"_jetpack_newsletter_tier_id":0,"_jetpack_memberships_contains_paywalled_content":false,"_jetpack_memberships_contains_paid_content":false,"footnotes":""},"categories":[9],"tags":[933,264],"class_list":["post-147553","post","type-post","status-publish","format-standard","has-post-thumbnail","hentry","category-internacional","tag-ee-uu-2","tag-internacional"],"a3_pvc":{"activated":true,"total_views":10,"today_views":0},"jetpack_featured_media_url":"https:\/\/elatlantico.do\/wp-content\/uploads\/2026\/09\/Exsecretaria_Trabajo_Trump_Lori_Chavez-DeRemer.webp","jetpack_sharing_enabled":true,"_links":{"self":[{"href":"https:\/\/elatlantico.do\/index.php\/wp-json\/wp\/v2\/posts\/147553","targetHints":{"allow":["GET"]}}],"collection":[{"href":"https:\/\/elatlantico.do\/index.php\/wp-json\/wp\/v2\/posts"}],"about":[{"href":"https:\/\/elatlantico.do\/index.php\/wp-json\/wp\/v2\/types\/post"}],"author":[{"embeddable":true,"href":"https:\/\/elatlantico.do\/index.php\/wp-json\/wp\/v2\/users\/18"}],"replies":[{"embeddable":true,"href":"https:\/\/elatlantico.do\/index.php\/wp-json\/wp\/v2\/comments?post=147553"}],"version-history":[{"count":1,"href":"https:\/\/elatlantico.do\/index.php\/wp-json\/wp\/v2\/posts\/147553\/revisions"}],"predecessor-version":[{"id":147558,"href":"https:\/\/elatlantico.do\/index.php\/wp-json\/wp\/v2\/posts\/147553\/revisions\/147558"}],"wp:featuredmedia":[{"embeddable":true,"href":"https:\/\/elatlantico.do\/index.php\/wp-json\/wp\/v2\/media\/147554"}],"wp:attachment":[{"href":"https:\/\/elatlantico.do\/index.php\/wp-json\/wp\/v2\/media?parent=147553"}],"wp:term":[{"taxonomy":"category","embeddable":true,"href":"https:\/\/elatlantico.do\/index.php\/wp-json\/wp\/v2\/categories?post=147553"},{"taxonomy":"post_tag","embeddable":true,"href":"https:\/\/elatlantico.do\/index.php\/wp-json\/wp\/v2\/tags?post=147553"}],"curies":[{"name":"wp","href":"https:\/\/api.w.org\/{rel}","templated":true}]}}