{"id":147502,"date":"2026-09-04T12:41:48","date_gmt":"2026-09-04T16:41:48","guid":{"rendered":"https:\/\/elatlantico.do\/?p=147502"},"modified":"2026-09-04T12:41:49","modified_gmt":"2026-09-04T16:41:49","slug":"de-la-espriella-exhibe-a-la-prensa-los-cadaveres-de-cuatro-personas-abatidas-en-la-guajira-colombia","status":"publish","type":"post","link":"https:\/\/elatlantico.do\/index.php\/2026\/09\/04\/de-la-espriella-exhibe-a-la-prensa-los-cadaveres-de-cuatro-personas-abatidas-en-la-guajira-colombia\/","title":{"rendered":"De la Espriella exhibe a la prensa los cad\u00e1veres de cuatro personas abatidas en La Guajira (Colombia)"},"content":{"rendered":"<div class=\"pvc_clear\"><\/div><p id=\"pvc_stats_147502\" class=\"pvc_stats all  \" data-element-id=\"147502\" style=\"\"><i class=\"pvc-stats-icon medium\" aria-hidden=\"true\"><svg aria-hidden=\"true\" focusable=\"false\" data-prefix=\"far\" data-icon=\"chart-bar\" role=\"img\" xmlns=\"http:\/\/www.w3.org\/2000\/svg\" viewBox=\"0 0 512 512\" class=\"svg-inline--fa fa-chart-bar fa-w-16 fa-2x\"><path fill=\"currentColor\" d=\"M396.8 352h22.4c6.4 0 12.8-6.4 12.8-12.8V108.8c0-6.4-6.4-12.8-12.8-12.8h-22.4c-6.4 0-12.8 6.4-12.8 12.8v230.4c0 6.4 6.4 12.8 12.8 12.8zm-192 0h22.4c6.4 0 12.8-6.4 12.8-12.8V140.8c0-6.4-6.4-12.8-12.8-12.8h-22.4c-6.4 0-12.8 6.4-12.8 12.8v198.4c0 6.4 6.4 12.8 12.8 12.8zm96 0h22.4c6.4 0 12.8-6.4 12.8-12.8V204.8c0-6.4-6.4-12.8-12.8-12.8h-22.4c-6.4 0-12.8 6.4-12.8 12.8v134.4c0 6.4 6.4 12.8 12.8 12.8zM496 400H48V80c0-8.84-7.16-16-16-16H16C7.16 64 0 71.16 0 80v336c0 17.67 14.33 32 32 32h464c8.84 0 16-7.16 16-16v-16c0-8.84-7.16-16-16-16zm-387.2-48h22.4c6.4 0 12.8-6.4 12.8-12.8v-70.4c0-6.4-6.4-12.8-12.8-12.8h-22.4c-6.4 0-12.8 6.4-12.8 12.8v70.4c0 6.4 6.4 12.8 12.8 12.8z\" class=\"\"><\/path><\/svg><\/i> <img loading=\"lazy\" decoding=\"async\" width=\"16\" height=\"16\" alt=\"Loading\" src=\"https:\/\/elatlantico.do\/wp-content\/plugins\/page-views-count\/ajax-loader-2x.gif\" border=0 \/><\/p><div class=\"pvc_clear\"><\/div><!-- VideographyWP Plugin Message: Automatic video embedding prevented by plugin options. -->\n\n<p class=\"wp-block-paragraph\">Bogot\u00e1 (EFE).- El presidente colombiano, Abelardo de la Espriella, present\u00f3 este viernes ante la prensa cuatro cuerpos cubiertos con lonas blancas, resultado de un operativo policial en Riohacha contra las Autodefensas Conquistadoras de la Sierra Nevada (ACSN), en el que muri\u00f3 uno de sus l\u00edderes, Na\u00edn Andr\u00e9s P\u00e9rez Toncel, alias Bendito Menor.<\/p>\n\n\n\n<p class=\"wp-block-paragraph\">\u00abGracias a una operaci\u00f3n impecable realizada por nuestra Polic\u00eda Nacional por un Comando Especial de la Dij\u00edn, se dio de baja a uno de los m\u00e1s peligrosos delincuentes de nuestro pa\u00eds, alias Nain, o Bendito Menor\u00bb, dijo De la Espriella frente a los cuatro cuerpos, cubiertos con bolsas blancas, y que fueron dispuestos en el suelo.<\/p>\n\n\n\n<h2 class=\"wp-block-heading\">Cr\u00edticas por exhibir cad\u00e1veres<\/h2>\n\n\n\n<p class=\"wp-block-paragraph\">La escena no es la primera de este tipo protagonizada por el mandatario, porque el pasado martes ya hab\u00eda difundido un video en el que el presidente aparece caminando entre los cad\u00e1veres embolsados de 23 supuestos disidentes de las FARC muertos en una operaci\u00f3n militar en el departamento del Guaviare (centro-sur).<\/p>\n\n\n\n<p class=\"wp-block-paragraph\">Esa escena gener\u00f3 cr\u00edticas de sus opositores, que cuestionaron las im\u00e1genes por considerar cuestionable la escena desde el punto de vista de los derechos humanos y en colisi\u00f3n con los valores cristianos que defiende el presidente.<\/p>\n\n\n\n<p class=\"wp-block-paragraph\">De la Espriella lleg\u00f3 a La Guajira acompa\u00f1ado por\u00a0integrantes de la c\u00fapula militar\u00a0y policial para conocer los\u00a0resultados del operativo, desarrollado en el barrio Los Olivos de Riohacha, en el que tambi\u00e9n murieron la pareja sentimental de Bendito Menor, Rosa Ang\u00e9lica Tarazona, alias La Bebesita, y dos de sus escoltas, seg\u00fan las autoridades.<\/p>\n\n\n\n<p class=\"wp-block-paragraph\">El mandatario sostuvo que Bendito Menor ten\u00eda \u00abarrodillada\u00bb a la poblaci\u00f3n de La Guajira y el Caribe mediante actividades como el narcotr\u00e1fico y la extorsi\u00f3n, y present\u00f3 su muerte como una muestra de la pol\u00edtica de seguridad de su Gobierno.<\/p>\n\n\n\n<p class=\"wp-block-paragraph\">Na\u00edn Andr\u00e9s P\u00e9rez Toncel, de 26 a\u00f1os, era se\u00f1alado por las autoridades como uno de los principales cabecillas de las ACSN y jefe del frente Javier C\u00e1ceres.<\/p>\n\n\n\n<p class=\"wp-block-paragraph\">Seg\u00fan informaci\u00f3n de inteligencia, comenz\u00f3 su trayectoria criminal en 2019 como sicario al servicio de alias Pinocho, m\u00e1ximo cabecilla de la organizaci\u00f3n, y posteriormente asumi\u00f3 el control de grupos urbanos en La Guajira.<\/p>\n\n\n\n<p class=\"wp-block-paragraph\">Las autoridades lo vinculaban con el narcotr\u00e1fico y la extorsi\u00f3n en la Troncal del Caribe, as\u00ed como con homicidios y otras acciones violentas.<\/p>\n\n\n\n<p class=\"wp-block-paragraph\">En 2025 hab\u00eda sido designado como negociador dentro del proceso de paz total, del expresidente Gustavo Petro (2022 \u2013 2026), pero posteriormente fue relacionado por las autoridades con varios hechos violentos.<\/p>\n\n\n\n<p class=\"wp-block-paragraph\">Fuente: EFE<\/p>\n","protected":false},"excerpt":{"rendered":"<p>Bogot\u00e1 (EFE).- El presidente colombiano, Abelardo de la Espriella, present\u00f3 este viernes ante la prensa cuatro cuerpos cubiertos con lonas blancas, resultado de un operativo policial en Riohacha contra las&#8230;<\/p>\n","protected":false},"author":18,"featured_media":147503,"comment_status":"closed","ping_status":"closed","sticky":false,"template":"","format":"standard","meta":{"_jetpack_newsletter_access":"","_jetpack_dont_email_post_to_subs":false,"_jetpack_newsletter_tier_id":0,"_jetpack_memberships_contains_paywalled_content":false,"_jetpack_memberships_contains_paid_content":false,"footnotes":""},"categories":[9],"tags":[406,264],"class_list":["post-147502","post","type-post","status-publish","format-standard","has-post-thumbnail","hentry","category-internacional","tag-colombia","tag-internacional"],"a3_pvc":{"activated":true,"total_views":15,"today_views":0},"jetpack_featured_media_url":"https:\/\/elatlantico.do\/wp-content\/uploads\/2026\/09\/De-la-Espriella-cadaveres-1.webp","jetpack_sharing_enabled":true,"_links":{"self":[{"href":"https:\/\/elatlantico.do\/index.php\/wp-json\/wp\/v2\/posts\/147502","targetHints":{"allow":["GET"]}}],"collection":[{"href":"https:\/\/elatlantico.do\/index.php\/wp-json\/wp\/v2\/posts"}],"about":[{"href":"https:\/\/elatlantico.do\/index.php\/wp-json\/wp\/v2\/types\/post"}],"author":[{"embeddable":true,"href":"https:\/\/elatlantico.do\/index.php\/wp-json\/wp\/v2\/users\/18"}],"replies":[{"embeddable":true,"href":"https:\/\/elatlantico.do\/index.php\/wp-json\/wp\/v2\/comments?post=147502"}],"version-history":[{"count":1,"href":"https:\/\/elatlantico.do\/index.php\/wp-json\/wp\/v2\/posts\/147502\/revisions"}],"predecessor-version":[{"id":147507,"href":"https:\/\/elatlantico.do\/index.php\/wp-json\/wp\/v2\/posts\/147502\/revisions\/147507"}],"wp:featuredmedia":[{"embeddable":true,"href":"https:\/\/elatlantico.do\/index.php\/wp-json\/wp\/v2\/media\/147503"}],"wp:attachment":[{"href":"https:\/\/elatlantico.do\/index.php\/wp-json\/wp\/v2\/media?parent=147502"}],"wp:term":[{"taxonomy":"category","embeddable":true,"href":"https:\/\/elatlantico.do\/index.php\/wp-json\/wp\/v2\/categories?post=147502"},{"taxonomy":"post_tag","embeddable":true,"href":"https:\/\/elatlantico.do\/index.php\/wp-json\/wp\/v2\/tags?post=147502"}],"curies":[{"name":"wp","href":"https:\/\/api.w.org\/{rel}","templated":true}]}}