{"id":147342,"date":"2026-09-02T12:09:32","date_gmt":"2026-09-02T16:09:32","guid":{"rendered":"https:\/\/elatlantico.do\/?p=147342"},"modified":"2026-09-02T12:31:03","modified_gmt":"2026-09-02T16:31:03","slug":"feda-y-ctc-impulsan-capacitacion-en-tecnologia-de-drones-para-productores-agropecuarios-de-montecristi","status":"publish","type":"post","link":"https:\/\/elatlantico.do\/index.php\/2026\/09\/02\/feda-y-ctc-impulsan-capacitacion-en-tecnologia-de-drones-para-productores-agropecuarios-de-montecristi\/","title":{"rendered":"FEDA y CTC impulsan capacitaci\u00f3n en tecnolog\u00eda de drones para productores agropecuarios de Montecristi"},"content":{"rendered":"<div class=\"pvc_clear\"><\/div><p id=\"pvc_stats_147342\" class=\"pvc_stats all  \" data-element-id=\"147342\" style=\"\"><i class=\"pvc-stats-icon medium\" aria-hidden=\"true\"><svg aria-hidden=\"true\" focusable=\"false\" data-prefix=\"far\" data-icon=\"chart-bar\" role=\"img\" xmlns=\"http:\/\/www.w3.org\/2000\/svg\" viewBox=\"0 0 512 512\" class=\"svg-inline--fa fa-chart-bar fa-w-16 fa-2x\"><path fill=\"currentColor\" d=\"M396.8 352h22.4c6.4 0 12.8-6.4 12.8-12.8V108.8c0-6.4-6.4-12.8-12.8-12.8h-22.4c-6.4 0-12.8 6.4-12.8 12.8v230.4c0 6.4 6.4 12.8 12.8 12.8zm-192 0h22.4c6.4 0 12.8-6.4 12.8-12.8V140.8c0-6.4-6.4-12.8-12.8-12.8h-22.4c-6.4 0-12.8 6.4-12.8 12.8v198.4c0 6.4 6.4 12.8 12.8 12.8zm96 0h22.4c6.4 0 12.8-6.4 12.8-12.8V204.8c0-6.4-6.4-12.8-12.8-12.8h-22.4c-6.4 0-12.8 6.4-12.8 12.8v134.4c0 6.4 6.4 12.8 12.8 12.8zM496 400H48V80c0-8.84-7.16-16-16-16H16C7.16 64 0 71.16 0 80v336c0 17.67 14.33 32 32 32h464c8.84 0 16-7.16 16-16v-16c0-8.84-7.16-16-16-16zm-387.2-48h22.4c6.4 0 12.8-6.4 12.8-12.8v-70.4c0-6.4-6.4-12.8-12.8-12.8h-22.4c-6.4 0-12.8 6.4-12.8 12.8v70.4c0 6.4 6.4 12.8 12.8 12.8z\" class=\"\"><\/path><\/svg><\/i> <img loading=\"lazy\" decoding=\"async\" width=\"16\" height=\"16\" alt=\"Loading\" src=\"https:\/\/elatlantico.do\/wp-content\/plugins\/page-views-count\/ajax-loader-2x.gif\" border=0 \/><\/p><div class=\"pvc_clear\"><\/div><!-- VideographyWP Plugin Message: Automatic video embedding prevented by plugin options. -->\n\n<p class=\"wp-block-paragraph\">Montecristi-El Fondo Especial para el Desarrollo Agropecuario (FEDA), dirigido por Hecmilio Galv\u00e1n en coordinaci\u00f3n con el Centros Tecnol\u00f3gicos Comunitarios (CTC), contin\u00faa acercando la innovaci\u00f3n tecnol\u00f3gica a los productores dominicanos con la realizaci\u00f3n de la jornada \u201cTecnolog\u00eda en el Campo\u201d, una exhibici\u00f3n y capacitaci\u00f3n sobre el uso de drones aplicados a la agricultura impartida por FARMDRONS.<\/p>\n\n\n\n<p class=\"wp-block-paragraph\">La actividad dirigida a productores arroceros y dem\u00e1s agricultores de la provincia de Montecristi, se realiz\u00f3 en Los Sano, Casta\u00f1uela, con el objetivo de mostrar las ventajas que ofrecen estas herramientas para mejorar las labores agr\u00edcolas y optimizar los recursos destinados a la producci\u00f3n.<\/p>\n\n\n\n<p class=\"wp-block-paragraph\">La capacitaci\u00f3n fue impartida por expertos de la reconocida empresa FARMDRONS, la cual realiz\u00f3 demostraciones sobre las aplicaciones de esta tecnolog\u00eda en los procesos de fumigaci\u00f3n y manejo de cultivos.<\/p>\n\n\n\n<p class=\"wp-block-paragraph\">El encuentro cont\u00f3 con la presencia de Pablo Ramos, encargado administrativo del FEDA, y Eduardo Fern\u00e1ndez, provincial de Valverde de la instituci\u00f3n, quienes destacaron el compromiso del FEDA de continuar llevando herramientas de vanguardia a los productores agropecuarios y contribuir a la transformaci\u00f3n tecnol\u00f3gica del campo dominicano.<\/p>\n\n\n\n<p class=\"wp-block-paragraph\">Durante la jornada los productores conocieron c\u00f3mo la utilizaci\u00f3n de drones puede contribuir a monitorear el estado de los cultivos en tiempo real, optimizar los procesos de fumigaci\u00f3n y fertilizaci\u00f3n y utilizar los insumos de manera m\u00e1s precisa.<\/p>\n\n\n\n<p class=\"wp-block-paragraph\">Asimismo, esta tecnolog\u00eda permite generar importantes ahorros de agua, productos agr\u00edcolas, combustible y tiempo de trabajo, al tiempo que facilita la identificaci\u00f3n de \u00e1reas espec\u00edficas que requieren atenci\u00f3n dentro de las parcelas.<\/p>\n\n\n\n<p class=\"wp-block-paragraph\">La iniciativa se encuentra alineada con la visi\u00f3n del Gobierno del presidente Luis Abinader de avanzar hacia una agricultura dominicana m\u00e1s moderna y tecnificada, mediante la incorporaci\u00f3n de maquinaria, innovaci\u00f3n y herramientas de agricultura de precisi\u00f3n que permitan elevar la productividad y reducir los costos de producci\u00f3n.<\/p>\n\n\n\n<p class=\"wp-block-paragraph\">El FEDA apuesta por acercar estas tecnolog\u00edas directamente a las comunidades productivas, especialmente a zonas de gran importancia para la producci\u00f3n nacional como Montecristi.<\/p>\n\n\n\n<p class=\"wp-block-paragraph\">Con tecnolog\u00eda en el campo, el director del FEDA, Hecmilio Galv\u00e1n muestra una vez m\u00e1s su compromiso junto a la presidencia de acompa\u00f1ar a los productores en el proceso de transformaci\u00f3n del sector agropecuario, promoviendo el conocimiento, la innovaci\u00f3n y el acceso a nuevas herramientas que contribuyan a producir m\u00e1s, reducir costos y fortalecer la seguridad alimentaria del pa\u00eds.<\/p>\n","protected":false},"excerpt":{"rendered":"<p>Montecristi-El Fondo Especial para el Desarrollo Agropecuario (FEDA), dirigido por Hecmilio Galv\u00e1n en coordinaci\u00f3n con el Centros Tecnol\u00f3gicos Comunitarios (CTC), contin\u00faa acercando la innovaci\u00f3n tecnol\u00f3gica a los productores dominicanos con&#8230;<\/p>\n","protected":false},"author":4,"featured_media":147343,"comment_status":"closed","ping_status":"closed","sticky":false,"template":"","format":"standard","meta":{"_jetpack_newsletter_access":"","_jetpack_dont_email_post_to_subs":false,"_jetpack_newsletter_tier_id":0,"_jetpack_memberships_contains_paywalled_content":false,"_jetpack_memberships_contains_paid_content":false,"footnotes":""},"categories":[4],"tags":[3716],"class_list":["post-147342","post","type-post","status-publish","format-standard","has-post-thumbnail","hentry","category-economia","tag-feda"],"a3_pvc":{"activated":true,"total_views":273,"today_views":0},"jetpack_featured_media_url":"https:\/\/elatlantico.do\/wp-content\/uploads\/2026\/09\/2f91ad0d-c01b-4e63-96b9-e6facdb53b89.jpg","jetpack_sharing_enabled":true,"_links":{"self":[{"href":"https:\/\/elatlantico.do\/index.php\/wp-json\/wp\/v2\/posts\/147342","targetHints":{"allow":["GET"]}}],"collection":[{"href":"https:\/\/elatlantico.do\/index.php\/wp-json\/wp\/v2\/posts"}],"about":[{"href":"https:\/\/elatlantico.do\/index.php\/wp-json\/wp\/v2\/types\/post"}],"author":[{"embeddable":true,"href":"https:\/\/elatlantico.do\/index.php\/wp-json\/wp\/v2\/users\/4"}],"replies":[{"embeddable":true,"href":"https:\/\/elatlantico.do\/index.php\/wp-json\/wp\/v2\/comments?post=147342"}],"version-history":[{"count":1,"href":"https:\/\/elatlantico.do\/index.php\/wp-json\/wp\/v2\/posts\/147342\/revisions"}],"predecessor-version":[{"id":147347,"href":"https:\/\/elatlantico.do\/index.php\/wp-json\/wp\/v2\/posts\/147342\/revisions\/147347"}],"wp:featuredmedia":[{"embeddable":true,"href":"https:\/\/elatlantico.do\/index.php\/wp-json\/wp\/v2\/media\/147343"}],"wp:attachment":[{"href":"https:\/\/elatlantico.do\/index.php\/wp-json\/wp\/v2\/media?parent=147342"}],"wp:term":[{"taxonomy":"category","embeddable":true,"href":"https:\/\/elatlantico.do\/index.php\/wp-json\/wp\/v2\/categories?post=147342"},{"taxonomy":"post_tag","embeddable":true,"href":"https:\/\/elatlantico.do\/index.php\/wp-json\/wp\/v2\/tags?post=147342"}],"curies":[{"name":"wp","href":"https:\/\/api.w.org\/{rel}","templated":true}]}}