{"id":147167,"date":"2026-09-01T10:21:32","date_gmt":"2026-09-01T14:21:32","guid":{"rendered":"https:\/\/elatlantico.do\/?p=147167"},"modified":"2026-09-01T10:21:34","modified_gmt":"2026-09-01T14:21:34","slug":"puerto-plata-recibira-34-cruceros-durante-septiembre-de-2026","status":"publish","type":"post","link":"https:\/\/elatlantico.do\/index.php\/2026\/09\/01\/puerto-plata-recibira-34-cruceros-durante-septiembre-de-2026\/","title":{"rendered":"Puerto Plata recibir\u00e1 34 cruceros durante septiembre de 2026"},"content":{"rendered":"<div class=\"pvc_clear\"><\/div><p id=\"pvc_stats_147167\" class=\"pvc_stats all  \" data-element-id=\"147167\" style=\"\"><i class=\"pvc-stats-icon medium\" aria-hidden=\"true\"><svg aria-hidden=\"true\" focusable=\"false\" data-prefix=\"far\" data-icon=\"chart-bar\" role=\"img\" xmlns=\"http:\/\/www.w3.org\/2000\/svg\" viewBox=\"0 0 512 512\" class=\"svg-inline--fa fa-chart-bar fa-w-16 fa-2x\"><path fill=\"currentColor\" d=\"M396.8 352h22.4c6.4 0 12.8-6.4 12.8-12.8V108.8c0-6.4-6.4-12.8-12.8-12.8h-22.4c-6.4 0-12.8 6.4-12.8 12.8v230.4c0 6.4 6.4 12.8 12.8 12.8zm-192 0h22.4c6.4 0 12.8-6.4 12.8-12.8V140.8c0-6.4-6.4-12.8-12.8-12.8h-22.4c-6.4 0-12.8 6.4-12.8 12.8v198.4c0 6.4 6.4 12.8 12.8 12.8zm96 0h22.4c6.4 0 12.8-6.4 12.8-12.8V204.8c0-6.4-6.4-12.8-12.8-12.8h-22.4c-6.4 0-12.8 6.4-12.8 12.8v134.4c0 6.4 6.4 12.8 12.8 12.8zM496 400H48V80c0-8.84-7.16-16-16-16H16C7.16 64 0 71.16 0 80v336c0 17.67 14.33 32 32 32h464c8.84 0 16-7.16 16-16v-16c0-8.84-7.16-16-16-16zm-387.2-48h22.4c6.4 0 12.8-6.4 12.8-12.8v-70.4c0-6.4-6.4-12.8-12.8-12.8h-22.4c-6.4 0-12.8 6.4-12.8 12.8v70.4c0 6.4 6.4 12.8 12.8 12.8z\" class=\"\"><\/path><\/svg><\/i> <img loading=\"lazy\" decoding=\"async\" width=\"16\" height=\"16\" alt=\"Loading\" src=\"https:\/\/elatlantico.do\/wp-content\/plugins\/page-views-count\/ajax-loader-2x.gif\" border=0 \/><\/p><div class=\"pvc_clear\"><\/div><!-- VideographyWP Plugin Message: Automatic video embedding prevented by plugin options. -->\n\n<p class=\"wp-block-paragraph\">PUERTO PLATA.-El destino Puerto Plata contin\u00faa fortaleciendo su posicionamiento como uno de los principales polos tur\u00edstico de cruceros del Caribe, con la llegada programada de 34 embarcaciones durante el mes de septiembre de 2026, a trav\u00e9s de las terminales Amber Cove y Ta\u00edno Bay.<\/p>\n\n\n\n<p class=\"wp-block-paragraph\">De acuerdo con el calendario del Ministerio de Turismo, 20 cruceros estar\u00e1n arribando por Amber Cove y 14 por Ta\u00edno Bay, manteniendo un importante flujo de visitantes que impacta positivamente la actividad tur\u00edstica y comercial de la provincia.<\/p>\n\n\n\n<p class=\"wp-block-paragraph\">La programaci\u00f3n contempla operaciones durante diferentes d\u00edas del mes, generando oportunidades para taxistas, gu\u00edas, artesanos, vendedores, restaurantes, comercios y dem\u00e1s actores vinculados a la cadena de valor del turismo.<\/p>\n\n\n\n<p class=\"wp-block-paragraph\">Desde el Ministerio de Turismo continuamos trabajando junto a los distintos sectores para garantizar una buena experiencia a quienes visitan Puerto Plata y seguir consolidando el crecimiento del turismo de cruceros en la Costa Norte.<\/p>\n","protected":false},"excerpt":{"rendered":"<p>PUERTO PLATA.-El destino Puerto Plata contin\u00faa fortaleciendo su posicionamiento como uno de los principales polos tur\u00edstico de cruceros del Caribe, con la llegada programada de 34 embarcaciones durante el mes&#8230;<\/p>\n","protected":false},"author":4,"featured_media":34105,"comment_status":"closed","ping_status":"closed","sticky":false,"template":"","format":"standard","meta":{"_jetpack_newsletter_access":"","_jetpack_dont_email_post_to_subs":false,"_jetpack_newsletter_tier_id":0,"_jetpack_memberships_contains_paywalled_content":false,"_jetpack_memberships_contains_paid_content":false,"footnotes":""},"categories":[2],"tags":[413,72],"class_list":["post-147167","post","type-post","status-publish","format-standard","has-post-thumbnail","hentry","category-turismo","tag-cruceros","tag-turismo"],"a3_pvc":{"activated":true,"total_views":410,"today_views":0},"jetpack_featured_media_url":"https:\/\/elatlantico.do\/wp-content\/uploads\/2021\/04\/43865592-e083-49ea-a92b-ceea2757910a.jpg","jetpack_sharing_enabled":true,"_links":{"self":[{"href":"https:\/\/elatlantico.do\/index.php\/wp-json\/wp\/v2\/posts\/147167","targetHints":{"allow":["GET"]}}],"collection":[{"href":"https:\/\/elatlantico.do\/index.php\/wp-json\/wp\/v2\/posts"}],"about":[{"href":"https:\/\/elatlantico.do\/index.php\/wp-json\/wp\/v2\/types\/post"}],"author":[{"embeddable":true,"href":"https:\/\/elatlantico.do\/index.php\/wp-json\/wp\/v2\/users\/4"}],"replies":[{"embeddable":true,"href":"https:\/\/elatlantico.do\/index.php\/wp-json\/wp\/v2\/comments?post=147167"}],"version-history":[{"count":1,"href":"https:\/\/elatlantico.do\/index.php\/wp-json\/wp\/v2\/posts\/147167\/revisions"}],"predecessor-version":[{"id":147171,"href":"https:\/\/elatlantico.do\/index.php\/wp-json\/wp\/v2\/posts\/147167\/revisions\/147171"}],"wp:featuredmedia":[{"embeddable":true,"href":"https:\/\/elatlantico.do\/index.php\/wp-json\/wp\/v2\/media\/34105"}],"wp:attachment":[{"href":"https:\/\/elatlantico.do\/index.php\/wp-json\/wp\/v2\/media?parent=147167"}],"wp:term":[{"taxonomy":"category","embeddable":true,"href":"https:\/\/elatlantico.do\/index.php\/wp-json\/wp\/v2\/categories?post=147167"},{"taxonomy":"post_tag","embeddable":true,"href":"https:\/\/elatlantico.do\/index.php\/wp-json\/wp\/v2\/tags?post=147167"}],"curies":[{"name":"wp","href":"https:\/\/api.w.org\/{rel}","templated":true}]}}