{"id":147098,"date":"2026-08-31T12:02:58","date_gmt":"2026-08-31T16:02:58","guid":{"rendered":"https:\/\/elatlantico.do\/?p=147098"},"modified":"2026-08-31T12:06:11","modified_gmt":"2026-08-31T16:06:11","slug":"card-puerto-plata-realiza-con-exito-el-ii-congreso-internacional-de-derecho-agradece-respaldo","status":"publish","type":"post","link":"https:\/\/elatlantico.do\/index.php\/2026\/08\/31\/card-puerto-plata-realiza-con-exito-el-ii-congreso-internacional-de-derecho-agradece-respaldo\/","title":{"rendered":"CARD Puerto Plata realiza con \u00e9xito el II Congreso Internacional de Derecho; agradece respaldo"},"content":{"rendered":"<div class=\"pvc_clear\"><\/div><p id=\"pvc_stats_147098\" class=\"pvc_stats all  \" data-element-id=\"147098\" style=\"\"><i class=\"pvc-stats-icon medium\" aria-hidden=\"true\"><svg aria-hidden=\"true\" focusable=\"false\" data-prefix=\"far\" data-icon=\"chart-bar\" role=\"img\" xmlns=\"http:\/\/www.w3.org\/2000\/svg\" viewBox=\"0 0 512 512\" class=\"svg-inline--fa fa-chart-bar fa-w-16 fa-2x\"><path fill=\"currentColor\" d=\"M396.8 352h22.4c6.4 0 12.8-6.4 12.8-12.8V108.8c0-6.4-6.4-12.8-12.8-12.8h-22.4c-6.4 0-12.8 6.4-12.8 12.8v230.4c0 6.4 6.4 12.8 12.8 12.8zm-192 0h22.4c6.4 0 12.8-6.4 12.8-12.8V140.8c0-6.4-6.4-12.8-12.8-12.8h-22.4c-6.4 0-12.8 6.4-12.8 12.8v198.4c0 6.4 6.4 12.8 12.8 12.8zm96 0h22.4c6.4 0 12.8-6.4 12.8-12.8V204.8c0-6.4-6.4-12.8-12.8-12.8h-22.4c-6.4 0-12.8 6.4-12.8 12.8v134.4c0 6.4 6.4 12.8 12.8 12.8zM496 400H48V80c0-8.84-7.16-16-16-16H16C7.16 64 0 71.16 0 80v336c0 17.67 14.33 32 32 32h464c8.84 0 16-7.16 16-16v-16c0-8.84-7.16-16-16-16zm-387.2-48h22.4c6.4 0 12.8-6.4 12.8-12.8v-70.4c0-6.4-6.4-12.8-12.8-12.8h-22.4c-6.4 0-12.8 6.4-12.8 12.8v70.4c0 6.4 6.4 12.8 12.8 12.8z\" class=\"\"><\/path><\/svg><\/i> <img loading=\"lazy\" decoding=\"async\" width=\"16\" height=\"16\" alt=\"Loading\" src=\"https:\/\/elatlantico.do\/wp-content\/plugins\/page-views-count\/ajax-loader-2x.gif\" border=0 \/><\/p><div class=\"pvc_clear\"><\/div><!-- VideographyWP Plugin Message: Automatic video embedding prevented by plugin options. -->\n\n<p class=\"wp-block-paragraph\">Puerto Plata.\u2013 El Colegio de Abogados de la Rep\u00fablica Dominicana (CARD), Seccional Puerto Plata, expres\u00f3 su agradecimiento a todos los sectores que hicieron posible el \u00e9xito del II Congreso Internacional de Derecho: Puerto Plata 2026, celebrado del 28 al 30 de agosto bajo el eje tem\u00e1tico \u201cLa protecci\u00f3n de los derechos fundamentales y el fortalecimiento de la democracia\u201d.<\/p>\n\n\n\n<p class=\"wp-block-paragraph\">El presidente de la Seccional y anfitri\u00f3n del encuentro, Jos\u00e9 Ram\u00f3n Valbuena Valdez, agradeci\u00f3 especialmente a los expositores nacionales e internacionales y congresistas, as\u00ed como a la abogac\u00eda nacional y a los presidentes de las distintas seccionales del CARD, quienes se dieron cita en Puerto Plata para participar de esta importante jornada acad\u00e9mica.<\/p>\n\n\n\n<p class=\"wp-block-paragraph\">Asimismo, reconoci\u00f3 el respaldo del presidente nacional del CARD, Trajano Vidal Potentini, y del director acad\u00e9mico nacional de la Escuela Nacional de Abogados (ENA), Diego Jos\u00e9 Garc\u00eda, junto a las autoridades judiciales, civiles, municipales y militares que acompa\u00f1aron la celebraci\u00f3n.<\/p>\n\n\n\n<p class=\"wp-block-paragraph\">Valbuena Valdez extendi\u00f3 el agradecimiento a las instituciones acad\u00e9micas, colaboradores, patrocinadores, medios de comunicaci\u00f3n y al equipo organizador que contribuy\u00f3 a la realizaci\u00f3n del Congreso.<\/p>\n\n\n\n<p class=\"wp-block-paragraph\">\u201cNuestro mayor agradecimiento a todos los que creyeron y participaron en esta segunda edici\u00f3n. Puerto Plata se convirti\u00f3 durante estos d\u00edas en punto de encuentro de la abogac\u00eda y del pensamiento jur\u00eddico. Este \u00e9xito es de todos\u201d, expres\u00f3.<\/p>\n\n\n\n<p class=\"wp-block-paragraph\">El CARD Seccional Puerto Plata reafirm\u00f3 finalmente su compromiso de continuar promoviendo espacios de formaci\u00f3n jur\u00eddica, fortalecimiento institucional y confraternidad gremial en beneficio de la abogac\u00eda dominicana.<\/p>\n\n\n\n<div class=\"wp-block-jetpack-slideshow aligncenter\" data-effect=\"slide\" style=\"--aspect-ratio:calc(1024 \/ 682)\"><div class=\"wp-block-jetpack-slideshow_container swiper\"><ul class=\"wp-block-jetpack-slideshow_swiper-wrapper swiper-wrapper\"><li class=\"wp-block-jetpack-slideshow_slide swiper-slide\"><figure><img loading=\"lazy\" decoding=\"async\" width=\"1024\" height=\"682\" alt=\"\" class=\"wp-block-jetpack-slideshow_image wp-image-147103\" data-id=\"147103\" data-aspect-ratio=\"1024 \/ 682\" src=\"https:\/\/elatlantico.do\/wp-content\/uploads\/2026\/08\/ed9d14c9-858d-4d56-90a0-634ba0ffffc1-1024x682.jpg\" srcset=\"https:\/\/elatlantico.do\/wp-content\/uploads\/2026\/08\/ed9d14c9-858d-4d56-90a0-634ba0ffffc1-1024x682.jpg 1024w, https:\/\/elatlantico.do\/wp-content\/uploads\/2026\/08\/ed9d14c9-858d-4d56-90a0-634ba0ffffc1-300x200.jpg 300w, https:\/\/elatlantico.do\/wp-content\/uploads\/2026\/08\/ed9d14c9-858d-4d56-90a0-634ba0ffffc1-599x399.jpg 599w, https:\/\/elatlantico.do\/wp-content\/uploads\/2026\/08\/ed9d14c9-858d-4d56-90a0-634ba0ffffc1-99x66.jpg 99w, https:\/\/elatlantico.do\/wp-content\/uploads\/2026\/08\/ed9d14c9-858d-4d56-90a0-634ba0ffffc1-767x511.jpg 767w, https:\/\/elatlantico.do\/wp-content\/uploads\/2026\/08\/ed9d14c9-858d-4d56-90a0-634ba0ffffc1-1536x1023.jpg 1536w, https:\/\/elatlantico.do\/wp-content\/uploads\/2026\/08\/ed9d14c9-858d-4d56-90a0-634ba0ffffc1.jpg 1600w\" sizes=\"(max-width: 1024px) 100vw, 1024px\" \/><\/figure><\/li><\/ul><a class=\"wp-block-jetpack-slideshow_button-prev swiper-button-prev swiper-button-white\" role=\"button\"><\/a><a class=\"wp-block-jetpack-slideshow_button-next swiper-button-next swiper-button-white\" role=\"button\"><\/a><a aria-label=\"Pause Slideshow\" class=\"wp-block-jetpack-slideshow_button-pause\" role=\"button\"><\/a><div class=\"wp-block-jetpack-slideshow_pagination swiper-pagination swiper-pagination-white\"><\/div><\/div><\/div>\n","protected":false},"excerpt":{"rendered":"<p>Puerto Plata.\u2013 El Colegio de Abogados de la Rep\u00fablica Dominicana (CARD), Seccional Puerto Plata, expres\u00f3 su agradecimiento a todos los sectores que hicieron posible el \u00e9xito del II Congreso Internacional&#8230;<\/p>\n","protected":false},"author":4,"featured_media":147099,"comment_status":"closed","ping_status":"closed","sticky":false,"template":"","format":"standard","meta":{"_jetpack_newsletter_access":"","_jetpack_dont_email_post_to_subs":false,"_jetpack_newsletter_tier_id":0,"_jetpack_memberships_contains_paywalled_content":false,"_jetpack_memberships_contains_paid_content":false,"footnotes":""},"categories":[5],"tags":[6715,6157,3653],"class_list":["post-147098","post","type-post","status-publish","format-standard","has-post-thumbnail","hentry","category-sociales","tag-card-puerto-plata","tag-colegio-de-abogados-de-puerto-plata","tag-jose-ramon-valbuena"],"a3_pvc":{"activated":true,"total_views":532,"today_views":0},"jetpack_featured_media_url":"https:\/\/elatlantico.do\/wp-content\/uploads\/2026\/08\/c3fd0839-b93c-4084-8dcc-46520b0164a0.jpg","jetpack_sharing_enabled":true,"_links":{"self":[{"href":"https:\/\/elatlantico.do\/index.php\/wp-json\/wp\/v2\/posts\/147098","targetHints":{"allow":["GET"]}}],"collection":[{"href":"https:\/\/elatlantico.do\/index.php\/wp-json\/wp\/v2\/posts"}],"about":[{"href":"https:\/\/elatlantico.do\/index.php\/wp-json\/wp\/v2\/types\/post"}],"author":[{"embeddable":true,"href":"https:\/\/elatlantico.do\/index.php\/wp-json\/wp\/v2\/users\/4"}],"replies":[{"embeddable":true,"href":"https:\/\/elatlantico.do\/index.php\/wp-json\/wp\/v2\/comments?post=147098"}],"version-history":[{"count":2,"href":"https:\/\/elatlantico.do\/index.php\/wp-json\/wp\/v2\/posts\/147098\/revisions"}],"predecessor-version":[{"id":147109,"href":"https:\/\/elatlantico.do\/index.php\/wp-json\/wp\/v2\/posts\/147098\/revisions\/147109"}],"wp:featuredmedia":[{"embeddable":true,"href":"https:\/\/elatlantico.do\/index.php\/wp-json\/wp\/v2\/media\/147099"}],"wp:attachment":[{"href":"https:\/\/elatlantico.do\/index.php\/wp-json\/wp\/v2\/media?parent=147098"}],"wp:term":[{"taxonomy":"category","embeddable":true,"href":"https:\/\/elatlantico.do\/index.php\/wp-json\/wp\/v2\/categories?post=147098"},{"taxonomy":"post_tag","embeddable":true,"href":"https:\/\/elatlantico.do\/index.php\/wp-json\/wp\/v2\/tags?post=147098"}],"curies":[{"name":"wp","href":"https:\/\/api.w.org\/{rel}","templated":true}]}}